{"id":253020,"date":"2026-01-25T19:07:27","date_gmt":"2026-01-25T19:07:27","guid":{"rendered":"https:\/\/www.saxum.org\/?p=253020"},"modified":"2026-01-25T20:22:50","modified_gmt":"2026-01-25T20:22:50","slug":"un-solo-cuerpo-un-solo-espiritu-el-camino-hacia-la-unidad-en-jerusalen","status":"publish","type":"post","link":"https:\/\/www.saxum.org\/es\/un-solo-cuerpo-un-solo-espiritu-el-camino-hacia-la-unidad-en-jerusalen\/","title":{"rendered":"Un solo cuerpo, un solo esp\u00edritu: El camino hacia la unidad en Jerusal\u00e9n"},"content":{"rendered":"<p><span style=\"font-weight: 400;\">La Semana de Oraci\u00f3n por la Unidad de los Cristianos, que se celebr\u00f3 del\u00a018 al 25 de enero, este a\u00f1o 2026 adquiri\u00f3 un relieve especial por el impulso que el Papa Le\u00f3n est\u00e1 dando al camino ecum\u00e9nico, como demostr\u00f3 en su primer viaje. En el \u00e1ngelus del pasado 18 de enero, record\u00f3 que \u201chace precisamente cien a\u00f1os se publicaron por primera vez las \u2018Sugerencias para la Octava de oraci\u00f3n por la unidad de los cristianos\u2019\u201d, y a\u00f1ad\u00eda: \u201cInvito, por lo tanto, a todas las comunidades cat\u00f3licas a reforzar, en estos d\u00edas, la oraci\u00f3n por la plena unidad visible de todos los cristianos\u201d.\u00a0<\/span><\/p>\n<div id=\"attachment_253024\" style=\"width: 310px\" class=\"wp-caption alignleft\"><img loading=\"lazy\" decoding=\"async\" aria-describedby=\"caption-attachment-253024\" class=\"wp-image-253024 size-medium\" src=\"https:\/\/www.saxum.org\/wp-content\/uploads\/2026\/01\/Unidad-de-los-Cristianos-300x169.jpg\" alt=\"Domus Galilaeae, capilla\" width=\"300\" height=\"169\" \/><p id=\"caption-attachment-253024\" class=\"wp-caption-text\">Domus Galilaeae, capilla<\/p><\/div>\n<p><span style=\"font-weight: 400;\">La semana ecum\u00e9nica, que este a\u00f1o se desarroll\u00f3 bajo el lema<strong>\u00a0<\/strong><\/span><strong><i>&#8220;Un solo cuerpo y un solo esp\u00edritu<\/i>&#8220;<\/strong><span style=\"font-weight: 400;\">\u00a0(Efesios 4, 4), es principalmente una invitaci\u00f3n a la oraci\u00f3n y una llamada urgente a la fraternidad en un mundo herido. En Jerusal\u00e9n, la &#8220;Ciudad Santa&#8221; y cuna de nuestra fe, se vivi\u00f3 con una intensidad \u00fanica. A diferencia de otros lugares del mundo, la comunidad cristiana local sigui\u00f3 un calendario de encuentros vespertinos recorriendo diferentes sedes hist\u00f3ricas, como manifestaci\u00f3n de la rica diversidad de ritos y tradiciones que conviven en la ciudad. Los encuentros comenzaron el s\u00e1bado 24 de enero, con el rezo del oficio ortodoxo <\/span><i><span style=\"font-weight: 400;\">Apodeipnon<\/span><\/i><span style=\"font-weight: 400;\"> en el Calvario, y se extendieron durante ocho d\u00edas, convirtiendo cada tarde en una oraci\u00f3n com\u00fan.<\/span><\/p>\n<p><span style=\"font-weight: 400;\">Desde el domingo 25, se sucedieron los encuentros en la Catedral Anglicana de San Jorge, la Iglesia Luterana del Redentor, la Catedral Armenia de Santiago y la Iglesia Cat\u00f3lica de San Salvador.\u00a0<\/span><\/p>\n<p><span style=\"font-weight: 400;\">Uno de los momentos m\u00e1s esperados fue la oraci\u00f3n en el\u00a0Cen\u00e1culo, lugar donde naci\u00f3 la Iglesia primitiva. All\u00ed, la oraci\u00f3n por la unidad cobra siempre un sentido prof\u00e9tico, record\u00e1ndonos que, a pesar de las diferencias, todos bebemos de una misma fuente.\u00a0<\/span><\/p>\n<div id=\"attachment_253028\" style=\"width: 221px\" class=\"wp-caption alignright\"><img loading=\"lazy\" decoding=\"async\" aria-describedby=\"caption-attachment-253028\" class=\"wp-image-253028 size-medium\" src=\"https:\/\/www.saxum.org\/wp-content\/uploads\/2026\/01\/IMG_20230116_121755-211x300.jpeg\" alt=\"Iglesia Santo Sepulcro, Jerusal\u00e9n\" width=\"211\" height=\"300\" \/><p id=\"caption-attachment-253028\" class=\"wp-caption-text\">Iglesia Santo Sepulcro, Jerusal\u00e9n<\/p><\/div>\n<p><span style=\"font-weight: 400;\">Los siguientes d\u00edas, las oraciones vespertinas tendr\u00e1n lugar en la Iglesia Copta Ortodoxa de San Antonio y la Iglesia Et\u00edope Ortodoxa. Finalmente, la Iglesia Melquita de la Anunciaci\u00f3n cerrar\u00e1 el octavario como signo de la esperanza.\u00a0<\/span><\/p>\n<p><span style=\"font-weight: 400;\">Ciertamente, la unidad <\/span><i><span style=\"font-weight: 400;\">efectiva<\/span><\/i><span style=\"font-weight: 400;\"> es una meta lejana, inasequible para las posibilidades humanas, pero no para el Esp\u00edritu Santo. Pero antes debe llegar una unidad <\/span><i><span style=\"font-weight: 400;\">afectiva<\/span><\/i><span style=\"font-weight: 400;\">, de cari\u00f1o verdadero entre los cristianos, un objetivo importante y un paso hacia ese d\u00eda en que todos seamos uno, <\/span><i><span style=\"font-weight: 400;\">para qu<\/span><\/i><i><span style=\"font-weight: 400;\">e el mundo crea<\/span><\/i><span style=\"font-weight: 400;\">. Y todos podemos contribuir a esa unidad.\u00a0<\/span><\/p>\n<p><span style=\"font-weight: 400;\">Don Joaqu\u00edn Paniello, sacerdote<\/span><\/p>\n<div id=\"attachment_253058\" style=\"width: 213px\" class=\"wp-caption alignnone\"><img loading=\"lazy\" decoding=\"async\" aria-describedby=\"caption-attachment-253058\" class=\"size-medium wp-image-253058\" src=\"https:\/\/www.saxum.org\/wp-content\/uploads\/2026\/01\/St.-George-Cathedral-Jerusalem-203x300.jpg\" alt=\"Catedral de San Jorge, Jerusal\u00e9n\" width=\"203\" height=\"300\" \/><p id=\"caption-attachment-253058\" class=\"wp-caption-text\">Catedral de San Jorge, Jerusal\u00e9n<\/p><\/div>\n","protected":false},"excerpt":{"rendered":"<p>La Semana de Oraci\u00f3n por la Unidad de los Cristianos, que se celebr\u00f3 del\u00a018 al 25 de enero, este a\u00f1o 2026 adquiri\u00f3 un relieve especial por el impulso que el Papa Le\u00f3n est\u00e1 dando al camino ecum\u00e9nico, como demostr\u00f3 en su primer viaje. En el \u00e1ngelus del pasado 18 de enero, record\u00f3 que \u201chace precisamente [&hellip;]<\/p>\n","protected":false},"author":5,"featured_media":253024,"comment_status":"closed","ping_status":"open","sticky":false,"template":"","format":"standard","meta":{"_et_pb_use_builder":"","_et_pb_old_content":"","_et_gb_content_width":"","footnotes":"","_links_to":"","_links_to_target":""},"categories":[250],"tags":[],"class_list":["post-253020","post","type-post","status-publish","format-standard","has-post-thumbnail","hentry","category-ultimas-noticias"],"_links":{"self":[{"href":"https:\/\/www.saxum.org\/es\/wp-json\/wp\/v2\/posts\/253020","targetHints":{"allow":["GET"]}}],"collection":[{"href":"https:\/\/www.saxum.org\/es\/wp-json\/wp\/v2\/posts"}],"about":[{"href":"https:\/\/www.saxum.org\/es\/wp-json\/wp\/v2\/types\/post"}],"author":[{"embeddable":true,"href":"https:\/\/www.saxum.org\/es\/wp-json\/wp\/v2\/users\/5"}],"replies":[{"embeddable":true,"href":"https:\/\/www.saxum.org\/es\/wp-json\/wp\/v2\/comments?post=253020"}],"version-history":[{"count":5,"href":"https:\/\/www.saxum.org\/es\/wp-json\/wp\/v2\/posts\/253020\/revisions"}],"predecessor-version":[{"id":253067,"href":"https:\/\/www.saxum.org\/es\/wp-json\/wp\/v2\/posts\/253020\/revisions\/253067"}],"wp:featuredmedia":[{"embeddable":true,"href":"https:\/\/www.saxum.org\/es\/wp-json\/wp\/v2\/media\/253024"}],"wp:attachment":[{"href":"https:\/\/www.saxum.org\/es\/wp-json\/wp\/v2\/media?parent=253020"}],"wp:term":[{"taxonomy":"category","embeddable":true,"href":"https:\/\/www.saxum.org\/es\/wp-json\/wp\/v2\/categories?post=253020"},{"taxonomy":"post_tag","embeddable":true,"href":"https:\/\/www.saxum.org\/es\/wp-json\/wp\/v2\/tags?post=253020"}],"curies":[{"name":"wp","href":"https:\/\/api.w.org\/{rel}","templated":true}]}}