{"id":252813,"date":"2025-12-09T12:55:53","date_gmt":"2025-12-09T12:55:53","guid":{"rendered":"https:\/\/www.saxum.org\/?p=252813"},"modified":"2025-12-10T08:24:56","modified_gmt":"2025-12-10T08:24:56","slug":"24-de-diciembre-en-tierra-santa","status":"publish","type":"post","link":"https:\/\/www.saxum.org\/es\/24-de-diciembre-en-tierra-santa\/","title":{"rendered":"24 de diciembre en Tierra Santa"},"content":{"rendered":"<p><span style=\"font-weight: 400;\">Cuando visit\u00e9 Saxum Visitor Center, me llam\u00f3 la atenci\u00f3n la <\/span><b>l\u00ednea del tiempo<\/b><span style=\"font-weight: 400;\">: en paneles verticales recorre los acontecimientos m\u00e1s significativos de la historia de la salvaci\u00f3n, entrelazados con sucesos de la historia universal. En el mismo patio exterior, un mapa en el suelo se\u00f1ala los principales lugares -los itinerarios- que permiten al visitante caminar tras los pasos de Abraham y Mois\u00e9s.<\/span><\/p>\n<div id=\"attachment_252824\" style=\"width: 310px\" class=\"wp-caption alignleft\"><img loading=\"lazy\" decoding=\"async\" aria-describedby=\"caption-attachment-252824\" class=\"size-medium wp-image-252824\" src=\"https:\/\/www.saxum.org\/wp-content\/uploads\/2025\/12\/SAXUM-110-300x200.jpg\" alt=\"L\u00ednea del tiempo de la Biblia, Saxum Visitor Center\" width=\"300\" height=\"200\" \/><p id=\"caption-attachment-252824\" class=\"wp-caption-text\">L\u00ednea del tiempo de la Biblia, Saxum Visitor Center<\/p><\/div>\n<p><span style=\"font-weight: 400;\">Me gust\u00f3 mucho la s\u00edntesis hist\u00f3rica presentada en sencillas coordenadas geom\u00e9tricas: hechos secuenciados y relacionados con otros, sucedidos en el mismo per\u00edodo de tiempo, en lugares diversos.\u00a0<\/span><\/p>\n<p><span style=\"font-weight: 400;\">Meses despu\u00e9s asist\u00ed en el Campo de los Pastores, en Beit Sahour a unos 2 km de la Bas\u00edlica de la Natividad en Bel\u00e9n, a la liturgia cat\u00f3lica de la Natividad: <\/span><b>all\u00ed<\/b><span style=\"font-weight: 400;\">, a medianoche, el 24 de diciembre, la misma historia del centro multimedia de Saxum: los mismos hechos, contados, \u00a1cantados! a<\/span><i><span style=\"font-weight: 400;\"> capella<\/span><\/i><span style=\"font-weight: 400;\">, en el antiqu\u00edsimo preg\u00f3n que anuncia la Navidad, rompiendo, en esta ocasi\u00f3n, <\/span><i><span style=\"font-weight: 400;\">la l\u00ednea del tiempo,<\/span><\/i><span style=\"font-weight: 400;\"> para revivir, vivir de nuevo, un acontecimiento que cambi\u00f3 el rumbo de la historia.<\/span><\/p>\n<p style=\"text-align: left;\"><strong>El preg\u00f3n dice as\u00ed:\u00a0<\/strong><\/p>\n<p style=\"text-align: center;\"><i>\u201cHabiendo transcurrido innumerables a\u00f1os, desde la creaci\u00f3n del mundo, cuando en el principio Dios cre\u00f3 el cielo y la tierra y form\u00f3 al hombre a su imagen;\u00a0<\/i><\/p>\n<p style=\"text-align: center;\"><i>pasados siglos y siglos desde que, tras el diluvio, el Alt\u00edsimo puso en las nubes su arco como signo de alianza y paz;\u00a0<\/i><\/p>\n<p style=\"text-align: center;\"><i>en el siglo veintiuno, desde que Abraham, nuestro padre en la fe, sali\u00f3 de Ur de los Caldeos;<\/i><\/p>\n<p style=\"text-align: center;\"><i>transcurridos siete siglos desde que el pueblo de Israel fue guiado por Mois\u00e9s para salir de Egipto;<\/i><\/p>\n<p style=\"text-align: center;\"><i>cerca del a\u00f1o mil desde que David fue ungido rey; <\/i><i>en la sexag\u00e9sima quinta semana de la profec\u00eda de Daniel;\u00a0<\/i><\/p>\n<p style=\"text-align: center;\"><i>en la cent\u00e9sima nonag\u00e9sima cuarta Olimpiada; <\/i><i>en el a\u00f1o setecientos cincuenta y dos desde la Fundaci\u00f3n de Roma;<\/i><\/p>\n<p style=\"text-align: center;\"><i>en el a\u00f1o cuadrag\u00e9simo del imperio del C\u00e9sar Octaviano Augusto; <\/i><i>estando todo el mundo en paz;<\/i><\/p>\n<p style=\"text-align: center;\"><strong><i>Jesucristo, eterno Dios e Hijo del Eterno Padre, queriendo santificar el mundo por su advenimiento, fue concebido por obra del Esp\u00edritu Santo, y transcurridos nueve meses despu\u00e9s de ser engendrado, en Bel\u00e9n de Judea naci\u00f3 de la Virgen Mar\u00eda hecho hombre.\u201d<\/i><\/strong><\/p>\n<p><img loading=\"lazy\" decoding=\"async\" class=\"size-medium wp-image-252819 aligncenter\" src=\"https:\/\/www.saxum.org\/wp-content\/uploads\/2025\/12\/Belen-2-2023-300x249.png\" alt=\"\" width=\"300\" height=\"249\" \/><\/p>\n<p><span style=\"font-weight: 400;\">Aquella noche en Bel\u00e9n\u00a0 comprend\u00ed una vez m\u00e1s, que existen modos diversos de conocer la realidad, que se iluminan y complementan entre s\u00ed: ciencia y fe, raz\u00f3n y emoci\u00f3n. Y la extraordinaria capacidad que todos tenemos de dejarnos penetrar por los hechos y compartirlos. A mi lado una amiga mexicana trataba de describir lo que acabamos de vivir: \u201c<strong>aqu\u00ed <\/strong>la realidad que yo hab\u00eda conocido desde ni\u00f1a y que cada a\u00f1o regresaba con sus rituales de corcho y barro, papel de plata y<\/span> <span style=\"font-weight: 400;\">musgo, se transforma; mis ojos se han abierto a una luz nueva, que desconoc\u00eda hasta hoy.&#8221;\u00a0<\/span><\/p>\n<p><span style=\"font-weight: 400;\">Quiz\u00e1, a fin de cuentas, lo m\u00e1s\u00a0 importante para llegar a conocer, es liberarse de prejuicios y mirar con sencillez y limpieza de coraz\u00f3n lo que nos rodea<\/span><\/p>\n<p><span style=\"font-weight: 400;\">Por Carmen Rodr\u00edguez Eyr\u00e9<\/span><\/p>\n<p>&nbsp;<\/p>\n","protected":false},"excerpt":{"rendered":"<p>Cuando visit\u00e9 Saxum Visitor Center, me llam\u00f3 la atenci\u00f3n la l\u00ednea del tiempo: en paneles verticales recorre los acontecimientos m\u00e1s significativos de la historia de la salvaci\u00f3n, entrelazados con sucesos de la historia universal. En el mismo patio exterior, un mapa en el suelo se\u00f1ala los principales lugares -los itinerarios- que permiten al visitante caminar [&hellip;]<\/p>\n","protected":false},"author":5,"featured_media":252824,"comment_status":"closed","ping_status":"open","sticky":false,"template":"","format":"standard","meta":{"_et_pb_use_builder":"","_et_pb_old_content":"","_et_gb_content_width":"","footnotes":"","_links_to":"","_links_to_target":""},"categories":[250],"tags":[],"class_list":["post-252813","post","type-post","status-publish","format-standard","has-post-thumbnail","hentry","category-ultimas-noticias"],"_links":{"self":[{"href":"https:\/\/www.saxum.org\/es\/wp-json\/wp\/v2\/posts\/252813","targetHints":{"allow":["GET"]}}],"collection":[{"href":"https:\/\/www.saxum.org\/es\/wp-json\/wp\/v2\/posts"}],"about":[{"href":"https:\/\/www.saxum.org\/es\/wp-json\/wp\/v2\/types\/post"}],"author":[{"embeddable":true,"href":"https:\/\/www.saxum.org\/es\/wp-json\/wp\/v2\/users\/5"}],"replies":[{"embeddable":true,"href":"https:\/\/www.saxum.org\/es\/wp-json\/wp\/v2\/comments?post=252813"}],"version-history":[{"count":5,"href":"https:\/\/www.saxum.org\/es\/wp-json\/wp\/v2\/posts\/252813\/revisions"}],"predecessor-version":[{"id":252843,"href":"https:\/\/www.saxum.org\/es\/wp-json\/wp\/v2\/posts\/252813\/revisions\/252843"}],"wp:featuredmedia":[{"embeddable":true,"href":"https:\/\/www.saxum.org\/es\/wp-json\/wp\/v2\/media\/252824"}],"wp:attachment":[{"href":"https:\/\/www.saxum.org\/es\/wp-json\/wp\/v2\/media?parent=252813"}],"wp:term":[{"taxonomy":"category","embeddable":true,"href":"https:\/\/www.saxum.org\/es\/wp-json\/wp\/v2\/categories?post=252813"},{"taxonomy":"post_tag","embeddable":true,"href":"https:\/\/www.saxum.org\/es\/wp-json\/wp\/v2\/tags?post=252813"}],"curies":[{"name":"wp","href":"https:\/\/api.w.org\/{rel}","templated":true}]}}