{"id":252789,"date":"2025-12-10T09:00:16","date_gmt":"2025-12-10T09:00:16","guid":{"rendered":"https:\/\/www.saxum.org\/?p=252789"},"modified":"2025-12-15T11:38:53","modified_gmt":"2025-12-15T11:38:53","slug":"entrevista-con-card-pierbattista-pizzaballa-patriarca-latino-de-jerusalen-ultima-parte","status":"publish","type":"post","link":"https:\/\/www.saxum.org\/es\/entrevista-con-card-pierbattista-pizzaballa-patriarca-latino-de-jerusalen-ultima-parte\/","title":{"rendered":"Entrevista con Card. Pierbattista Pizzaballa, Patriarca Latino de Jerusal\u00e9n &#8211; \u00daltima parte"},"content":{"rendered":"<p><b><i>Su Beatitud el Card.Pierbattista Pizzaballa, Patriarca Latino de Jerusal\u00e9n, comparte con nosotros su experiencia de vida en Tierra Santa.<\/i><\/b><\/p>\n<p><b><i>\u00daltima parte &#8211; \u00bfCu\u00e1l es su lugar favorito para orar en Tierra Santa?<\/i><\/b><\/p>\n<p><span style=\"font-weight: 400;\">Depende de c\u00f3mo me sienta; a veces Getseman\u00ed, a veces el mar\u2026 Donde siempre encuentro paz es en el Mar de Galilea, pero lejos de la gente, solo, en silencio, donde no hay interferencia, ni ruido humano.<\/span><\/p>\n<div id=\"attachment_252872\" style=\"width: 310px\" class=\"wp-caption alignleft\"><img loading=\"lazy\" decoding=\"async\" aria-describedby=\"caption-attachment-252872\" class=\"wp-image-252872 size-medium\" src=\"https:\/\/www.saxum.org\/wp-content\/uploads\/2025\/12\/PIZZABALLA-INSPIRING-HEROIC-300x222.jpg\" alt=\"Cardinal Pierbattista Pizzaballa, Patriarca Latino de Jerusal\u00e9n\" width=\"300\" height=\"222\" \/><p id=\"caption-attachment-252872\" class=\"wp-caption-text\">Cardinal Pierbattista Pizzaballa, Patriarca Latino de Jerusal\u00e9n<\/p><\/div>\n<p><b><i>\u00bfDescansa de alguna manera? \u00bfTiene alg\u00fan pasatiempo?<\/i><\/b><\/p>\n<p><span style=\"font-weight: 400;\">Descansar es ahora una palabra dif\u00edcil. No hay mucho tiempo, especialmente en este per\u00edodo.<\/span><\/p>\n<p><span style=\"font-weight: 400;\">Mi pasatiempo es leer. Me gusta buscar en \u201cAccordance\u201d, un software b\u00edblico. Pienso y hago preguntas sobre la Biblia, sobre los idiomas antiguos, y uso las primeras horas de la ma\u00f1ana para investigar, especialmente el Antiguo Testamento.<\/span><\/p>\n<p><span style=\"font-weight: 400;\">Y tambi\u00e9n la m\u00fasica, especialmente Bach: <\/span><i><span style=\"font-weight: 400;\">Nulla dies sine Bach,<\/span><\/i><span style=\"font-weight: 400;\"> ning\u00fan d\u00eda sin Bach.<\/span><\/p>\n<p><b><i>\u00bfCu\u00e1l es su oraci\u00f3n favorita?<\/i><\/b><\/p>\n<p><span style=\"font-weight: 400;\">No tengo una oraci\u00f3n favorita. Me gustan las oraciones de San Francisco \u2014por supuesto, forma parte de mi formaci\u00f3n\u2014, especialmente las \u201c<\/span><i><span style=\"font-weight: 400;\">Lodi del Dio Altissimo<\/span><\/i><span style=\"font-weight: 400;\">\u201d [Alabanzas al Dios Alt\u00edsimo]. Si prestas atenci\u00f3n, hay un progreso en sus oraciones. En las primeras, el pronombre \u201cyo\u201d est\u00e1 presente; en las \u00faltimas oraciones de la vida de San Francisco, no hay \u201cyo\u201d, solo \u201cT\u00fa\u201d, y eso me gusta. En su \u00faltima oraci\u00f3n, \u201cLodi del Dio Altissimo\u201d, es solo \u201cT\u00fa, T\u00fa, T\u00fa\u201d dirigido a Dios. Eso es lo que me gusta.<\/span><\/p>\n<p><span style=\"font-weight: 400;\">Y, por supuesto, leer los Salmos, la Biblia, especialmente el Antiguo Testamento.<\/span><\/p>\n<div id=\"attachment_252786\" style=\"width: 310px\" class=\"wp-caption alignright\"><img loading=\"lazy\" decoding=\"async\" aria-describedby=\"caption-attachment-252786\" class=\"wp-image-252786 size-medium\" src=\"https:\/\/www.saxum.org\/wp-content\/uploads\/2025\/12\/IMG_9669-300x174.jpg\" alt=\"Card. Pierbattista Pizzaballa, Bendici\u00f3n el Domingo de Ramos, Semana Santa 2025\" width=\"300\" height=\"174\" \/><p id=\"caption-attachment-252786\" class=\"wp-caption-text\">Card. Pierbattista Pizzaballa, Bendici\u00f3n el Domingo de Ramos, Semana Santa 2025<\/p><\/div>\n<p><b><i>\u00bfC\u00f3mo podemos vivir la tolerancia y la paciencia con quienes piensan diferente de nosotros?<\/i><\/b><\/p>\n<p><span style=\"font-weight: 400;\">Tolerancia no es la palabra adecuada; es una palabra negativa. En hebreo moderno, tolerancia es <\/span><i><span style=\"font-weight: 400;\">s\u014dvlanut<\/span><\/i><span style=\"font-weight: 400;\">. La etimolog\u00eda viene de <\/span><i><span style=\"font-weight: 400;\">saval<\/span><\/i><span style=\"font-weight: 400;\">, que significa &#8220;llevar sobre el hombro&#8221;, pero tambi\u00e9n &#8220;sufrir&#8221;; algo nega<\/span><span style=\"font-weight: 400;\">tivo, pesado para ti.<\/span><\/p>\n<p><span style=\"font-weight: 400;\"><em><strong>\u00bfC\u00f3mo lidiar con las opiniones de quienes piensan diferente a nosotros?<\/strong><\/em> En primer lugar, la diferencia es necesaria. Fuimos creados libres, y el fruto de la libertad es nuestra diferencia y diversidad. Si todos pens\u00e1ramos igual, ser\u00edamos como Babel, donde hab\u00eda un solo mundo y un solo idioma. Es la primera ideolog\u00eda de la historia, \u201cel pensamiento \u00fanico\u201d. En G\u00e9nesis 10 hay una lista de tribus y lenguas, pero G\u00e9nesis 11 comienza diciendo que todos los pueblos hablaban una sola palabra y un solo idioma. Lo opuesto. Cuando Dios destruy\u00f3 Babel, destruy\u00f3 ese nuevo orden donde no hab\u00eda diferencias de lenguas. Y en Pentecost\u00e9s, donde leemos la lista de diferentes lenguas, vemos la plenitud de Babel: las lenguas diferentes permanecen, pero se entienden entre s\u00ed. La diversidad y la diferencia son necesarias porque son frutos de la libertad. El diablo no quiere diversidad e impone uniformidad. Debemos trabajar por la unidad, no por la uniformidad.<\/span><\/p>\n<p><span style=\"font-weight: 400;\"><em><strong>\u00a0\u00bfC\u00f3mo lidiar con esto? <\/strong><\/em>En primer lugar, debemos ser conscientes de una cosa: la diversidad es importante. Hay que distinguir la diversidad de la violencia. Debemos respetar las opiniones diferentes, pero no podemos aceptar la imposici\u00f3n, el uso de la violencia, ni abordar la diversidad de manera violenta, porque detr\u00e1s de esto est\u00e1 el diablo, el deseo de imponer una sola opini\u00f3n. Hay que ser muy claros, sinceros y honestos, respetar la diversidad y esperar ser respetados. La libertad de los dem\u00e1s es tambi\u00e9n mi libertad.<\/span><\/p>\n<p><span style=\"font-weight: 400;\">\u00a0Y ser claros en algo que los cat\u00f3licos a veces olvidan: que existe el mal, el deseo de posesi\u00f3n, y tambi\u00e9n la elecci\u00f3n del mal. En esto debemos ser muy firmes: respeto por la diversidad, respeto por la diferencia, a quienes piensan distinto; pero respetar no significa aceptar lo que es malo.<\/span><\/p>\n<div id=\"attachment_252782\" style=\"width: 310px\" class=\"wp-caption alignleft\"><img loading=\"lazy\" decoding=\"async\" aria-describedby=\"caption-attachment-252782\" class=\"wp-image-252782 size-medium\" src=\"https:\/\/www.saxum.org\/wp-content\/uploads\/2025\/12\/cq5dam.thumbnail.cropped.750.422-300x169.jpeg\" alt=\"Card. Pierbattista Pizzaballa en la Iglesia del Santo Sepulcro\" width=\"300\" height=\"169\" \/><p id=\"caption-attachment-252782\" class=\"wp-caption-text\">Card. Pierbattista Pizzaballa en la Iglesia del Santo Sepulcro<\/p><\/div>\n<p><b><i>\u00bfTiene amigos de otras religiones<\/i><\/b><span style=\"font-weight: 400;\">?<\/span><\/p>\n<p><span style=\"font-weight: 400;\">S\u00ed, los tengo. Estos tiempos son dif\u00edciles. Algunas amistades est\u00e1n ahora heridas, otras m\u00e1s fuertes, dependiendo de c\u00f3mo manejen la situaci\u00f3n. Mi posici\u00f3n no ayuda, principalmente porque la amistad requiere tiempo. Y la amistad necesita, especialmente hoy en d\u00eda, di\u00e1logo, discusi\u00f3n, ser franco; y eso no siempre es posible.<\/span><\/p>\n<p><b><i>Un mensaje para los j\u00f3venes, para la juventud, especialmente para aquellos que est\u00e1n en una b\u00fasqueda.<\/i><\/b><\/p>\n<p><span style=\"font-weight: 400;\">Hay muchas cosas que podr\u00eda decirles, pero una importante es esta: que no busquen afuera lo que deben encontrar dentro de su coraz\u00f3n.<\/span><\/p>\n<div id=\"attachment_252778\" style=\"width: 156px\" class=\"wp-caption alignright\"><img loading=\"lazy\" decoding=\"async\" aria-describedby=\"caption-attachment-252778\" class=\"wp-image-252778 size-medium\" src=\"https:\/\/www.saxum.org\/wp-content\/uploads\/2025\/12\/En-el-Arca-de-la-Alianza-146x300.jpg\" alt=\"Card. Pierbattista Pizzaballa en Jerusal\u00e9n\" width=\"146\" height=\"300\" \/><p id=\"caption-attachment-252778\" class=\"wp-caption-text\">Card. Pierbattista Pizzaballa en Jerusal\u00e9n<\/p><\/div>\n<p><b><i>\u00bfTiene alg\u00fan pasaje favorito del Evangelio?<\/i><\/b><\/p>\n<p><span style=\"font-weight: 400;\">Depende del momento, porque no somos robots y un pasaje que antes no dec\u00eda nada, ahora puede iluminar. En este per\u00edodo, como he mencionado en algunas homil\u00edas, est\u00e1 esta bienaventuranza: \u201cBienaventurados los mansos, porque ellos heredar\u00e1n la tierra\u201d. Vivimos en un tiempo en que el poder y la fuerza parecen decidir. Eso es una ilusi\u00f3n. Lo que importa es lo que construyen los mansos: desde el punto de vista cultural, las artes, y todo en la vida, las relaciones, las familias, son el fruto de lo que los mansos construyen en la tierra.<\/span><\/p>\n<p><span style=\"font-weight: 400;\">Las otras bienaventuranzas hablan del reino de los cielos; esta habla de la tierra. Ahora pensamos que las grandes potencias decidir\u00e1n el futuro del mundo, pero eso no es cierto. No recordamos qui\u00e9nes eran las grandes potencias hace miles de a\u00f1os; todas se han perdido y todo lo que hicieron termin\u00f3. Pero s\u00ed recordamos qui\u00e9nes fueron San Francisco o San Benito. Todo lo que construyeron los peque\u00f1os, con mansedumbre y amor, sigue presente.<\/span><\/p>\n<p><b><i>Gracias por su tiempo. Nos mantendremos unidos a sus oraciones.<\/i><\/b><\/p>\n<p><span style=\"font-weight: 400;\">\u00a0Por Blanca Ramirez, Saxum Visitor Center Manager<\/span><\/p>\n<p>&nbsp;<\/p>\n","protected":false},"excerpt":{"rendered":"<p>Su Beatitud el Card.Pierbattista Pizzaballa, Patriarca Latino de Jerusal\u00e9n, comparte con nosotros su experiencia de vida en Tierra Santa. \u00daltima parte &#8211; \u00bfCu\u00e1l es su lugar favorito para orar en Tierra Santa? Depende de c\u00f3mo me sienta; a veces Getseman\u00ed, a veces el mar\u2026 Donde siempre encuentro paz es en el Mar de Galilea, pero [&hellip;]<\/p>\n","protected":false},"author":5,"featured_media":251440,"comment_status":"closed","ping_status":"closed","sticky":false,"template":"","format":"standard","meta":{"_et_pb_use_builder":"","_et_pb_old_content":"","_et_gb_content_width":"","footnotes":"","_links_to":"","_links_to_target":""},"categories":[250],"tags":[],"class_list":["post-252789","post","type-post","status-publish","format-standard","has-post-thumbnail","hentry","category-ultimas-noticias"],"_links":{"self":[{"href":"https:\/\/www.saxum.org\/es\/wp-json\/wp\/v2\/posts\/252789","targetHints":{"allow":["GET"]}}],"collection":[{"href":"https:\/\/www.saxum.org\/es\/wp-json\/wp\/v2\/posts"}],"about":[{"href":"https:\/\/www.saxum.org\/es\/wp-json\/wp\/v2\/types\/post"}],"author":[{"embeddable":true,"href":"https:\/\/www.saxum.org\/es\/wp-json\/wp\/v2\/users\/5"}],"replies":[{"embeddable":true,"href":"https:\/\/www.saxum.org\/es\/wp-json\/wp\/v2\/comments?post=252789"}],"version-history":[{"count":7,"href":"https:\/\/www.saxum.org\/es\/wp-json\/wp\/v2\/posts\/252789\/revisions"}],"predecessor-version":[{"id":252879,"href":"https:\/\/www.saxum.org\/es\/wp-json\/wp\/v2\/posts\/252789\/revisions\/252879"}],"wp:featuredmedia":[{"embeddable":true,"href":"https:\/\/www.saxum.org\/es\/wp-json\/wp\/v2\/media\/251440"}],"wp:attachment":[{"href":"https:\/\/www.saxum.org\/es\/wp-json\/wp\/v2\/media?parent=252789"}],"wp:term":[{"taxonomy":"category","embeddable":true,"href":"https:\/\/www.saxum.org\/es\/wp-json\/wp\/v2\/categories?post=252789"},{"taxonomy":"post_tag","embeddable":true,"href":"https:\/\/www.saxum.org\/es\/wp-json\/wp\/v2\/tags?post=252789"}],"curies":[{"name":"wp","href":"https:\/\/api.w.org\/{rel}","templated":true}]}}