{"id":252056,"date":"2025-08-25T04:15:41","date_gmt":"2025-08-25T04:15:41","guid":{"rendered":"https:\/\/www.saxum.org\/?p=252056"},"modified":"2025-08-25T11:00:49","modified_gmt":"2025-08-25T11:00:49","slug":"en-la-periferia-de-tierra-santa-los-nomadas-arabes-n-abateos-y-b-eduinos","status":"publish","type":"post","link":"https:\/\/www.saxum.org\/es\/en-la-periferia-de-tierra-santa-los-nomadas-arabes-n-abateos-y-b-eduinos\/","title":{"rendered":"En la periferia de Tierra Santa, los n\u00f3madas: \u00e1rabes, nabateos y beduinos"},"content":{"rendered":"<p>[et_pb_section fb_built=&#8221;1&#8243; admin_label=&#8221;section&#8221; _builder_version=&#8221;4.16&#8243; global_colors_info=&#8221;{}&#8221;][et_pb_row admin_label=&#8221;row&#8221; _builder_version=&#8221;4.16&#8243; background_size=&#8221;initial&#8221; background_position=&#8221;top_left&#8221; background_repeat=&#8221;repeat&#8221; global_colors_info=&#8221;{}&#8221;][et_pb_column type=&#8221;4_4&#8243; _builder_version=&#8221;4.16&#8243; custom_padding=&#8221;|||&#8221; global_colors_info=&#8221;{}&#8221; custom_padding__hover=&#8221;|||&#8221;][et_pb_image src=&#8221;https:\/\/www.saxum.org\/wp-content\/uploads\/2025\/08\/unnamed-1.jpg&#8221; alt=&#8221;Fragmento del mosaico de una iglesia bizantina cerca de Gaza representando un hombre<br \/>\n(\u00bfun beduino?) dirigiendo a un camello cargado con \u00e1nforas de vino. Kissufim, siglo VI. Lugar de exhibici\u00f3n: Israel Museum. Fuente: Wikimedia Commons.<br \/>\n&#8221; title_text=&#8221;Fragmento del mosaico de una iglesia bizantina cerca de Gaza representando un hombre  (\u00bfun beduino?) dirigiendo a un camello cargado con \u00e1nforas de vino. Kissufim, siglo VI. Lugar de exhibici\u00f3n: Israel Museum. Fuente: Wikimedia Commons.&#8221; _builder_version=&#8221;4.27.4&#8243; _module_preset=&#8221;default&#8221; background_color=&#8221;RGBA(255,255,255,0)&#8221; global_colors_info=&#8221;{}&#8221;][\/et_pb_image][et_pb_text _builder_version=&#8221;4.27.4&#8243; _module_preset=&#8221;default&#8221; global_colors_info=&#8221;{}&#8221;]<\/p>\n<p><small>Fragmento del mosaico de una iglesia bizantina cerca de Gaza representando un hombre (\u00bfun beduino?) dirigiendo a un camello cargado con \u00e1nforas de vino. Kissufim, siglo VI. Lugar de exhibici\u00f3n: Israel Museum. Fuente: Wikimedia Commons.<\/small><\/p>\n<p>[\/et_pb_text][\/et_pb_column][\/et_pb_row][et_pb_row _builder_version=&#8221;4.27.4&#8243; _module_preset=&#8221;default&#8221; global_colors_info=&#8221;{}&#8221;][et_pb_column type=&#8221;4_4&#8243; _builder_version=&#8221;4.27.4&#8243; _module_preset=&#8221;default&#8221; global_colors_info=&#8221;{}&#8221;][et_pb_text _builder_version=&#8221;4.27.4&#8243; _module_preset=&#8221;default&#8221; global_colors_info=&#8221;{}&#8221;]<\/p>\n<p><span style=\"font-weight: 400;\">El cap\u00edtulo 35 del libro de Jerem\u00edas empieza con una an\u00e9cdota extra\u00f1a. El profeta Jerem\u00edas, hablando en primera persona, se hace el narrador de un acontecimiento producido en Jerusal\u00e9n, en el contexto de la invasi\u00f3n de Judea por Nabucodonosor, rey de Babilonia (a\u00f1o 587\/6 a. C.). Le mand\u00f3 Dios hacia los jefes de los recabitas, una tribu de n\u00f3madas que hab\u00edan encontrado refugio en Jerusal\u00e9n, huyendo de los arameos y de los caldeos del ej\u00e9rcito de Nabucodonosor:<\/span><\/p>\n<p>[\/et_pb_text][et_pb_text _builder_version=&#8221;4.27.4&#8243; _module_preset=&#8221;default&#8221; custom_margin=&#8221;||||false|false&#8221; custom_padding=&#8221;40px||40px||false|false&#8221; global_colors_info=&#8221;{}&#8221;]<\/p>\n<p><em>\u201cPalabra que recibi\u00f3 Jerem\u00edas de parte del Se\u00f1or, en tiempo de Joaquim, hijo de Jos\u00edas, rey de Jud\u00e1:\u00a0<\/em><\/p>\n<p><em>\u00a0 \u00a0 \u00a0 \u00a0Ve a los recabitas y habla con ellos; tr\u00e1elos despu\u00e9s a una de las dependencias del templo del Se\u00f1or e inv\u00edtales a beber vino.\u00a0<\/em><\/p>\n<p><em>Traje conmigo a Jazan\u00edas, hijo de Jerem\u00edas y nieto de Abisin\u00edas, a sus parientes, a todos sus hijos y al clan entero de los recabitas. (\u2026)\u00a0 Les traje a los recabitas unas jarras con vino y unas copas, y les dije: \u2014Bebed.<\/em><\/p>\n<p><em>Ellos respondieron: \u2014No bebemos vino, pues nuestro antepasado Jonadab, hijo de Recab, nos impuso estas normas:\u00a0<\/em><\/p>\n<p><em>\u00a0 \u00a0 \u00a0 \u00a0Nunca beb\u00e1is vino, ni vosotros ni vuestros hijos.\u00a0 No os edifiqu\u00e9is casas, ni sembr\u00e9is ni plant\u00e9is vi\u00f1as. Nada de esto poseer\u00e9is. Habitar\u00e9is en tiendas, de modo que pod\u00e1is vivir muchos a\u00f1os en el pa\u00eds donde resid\u00eds como forasteros.&#8221;<\/em><\/p>\n<p>[\/et_pb_text][et_pb_text _builder_version=&#8221;4.27.4&#8243; _module_preset=&#8221;default&#8221; hover_enabled=&#8221;0&#8243; global_colors_info=&#8221;{}&#8221; sticky_enabled=&#8221;0&#8243;]<\/p>\n<p><span style=\"font-weight: 400;\">Dios obviamente conoc\u00eda las costumbres de estos recabitas y sab\u00eda que iban a rechazar toda bebida fermentada, pero act\u00faa as\u00ed para que sirva esta an\u00e9cdota de gesto prof\u00e9tico. Si, hasta estos n\u00f3madas, obedecen a su antepasado humano, \u00bfc\u00f3mo es que el pueblo de Israel no hiciera caso a la voz de su propio Dios cuando les dice de no resistir al rey de Babilonia -su servidor?<\/span><\/p>\n<p><span style=\"font-weight: 400;\">Volvamos a las costumbres de estos recabitas. Si bien, la prohibici\u00f3n de beber vino nos remite a las prescripciones del islam tal como las conocemos, no deja de ser una norma accidental. Sabemos de tribus \u00e1rabes preisl\u00e1micas en las que consumir alcohol no era un tab\u00fa. En cambio, lo que hace la esencia del ideal de vida n\u00f3mada o beduina es este rechazo de todo lo que pueda atar al hombre a un lugar particular. No sin un cierto orgullo, contestan los recabitas al profeta Jerem\u00edas que:<\/span><\/p>\n<p>[\/et_pb_text][et_pb_text _builder_version=&#8221;4.27.4&#8243; _module_preset=&#8221;default&#8221; custom_margin=&#8221;||||false|false&#8221; custom_padding=&#8221;40px||40px||false|false&#8221; global_colors_info=&#8221;{}&#8221;]<\/p>\n<p><em>\u00a0 \u00a0 \u00a0 \u00a0 &#8220;no edificamos casas para vivir en ellas; no plantamos vi\u00f1as ni tenemos campos para sembrar.\u00a0 Siempre hemos vivido en tiendas, obedeciendo a nuestro antepasado Jonadab y haciendo todo lo que nos mand\u00f3. (\u2026)&#8221;<\/em><\/p>\n<p>[\/et_pb_text][et_pb_text _builder_version=&#8221;4.27.4&#8243; _module_preset=&#8221;default&#8221; global_colors_info=&#8221;{}&#8221;]<\/p>\n<p><span style=\"font-weight: 400;\">La libertad tiene su contrapartida: la pobreza. De esta \u00e9tica de la libertad se maravilla Diodoro de Sicilia hablando de los \u00e1rabes (<\/span><i><span style=\"font-weight: 400;\">Biblioteca<\/span><\/i><span style=\"font-weight: 400;\"> II, 48, 4):<\/span><\/p>\n<p>[\/et_pb_text][et_pb_text _builder_version=&#8221;4.27.4&#8243; _module_preset=&#8221;default&#8221; custom_margin=&#8221;||||false|false&#8221; custom_padding=&#8221;40px||40px||false|false&#8221; global_colors_info=&#8221;{}&#8221;]<\/p>\n<p><em>\u00a0 \u00a0 &#8220;Por lo tanto, los \u00e1rabes que habitaban de ese territorio, dif\u00edciles de vencer, contin\u00faan sin ser esclavizados; adem\u00e1s, no aceptan a ning\u00fan caudillo extranjero y contin\u00faan conservando intacta su libertad&#8221;<\/em><\/p>\n<p>[\/et_pb_text][et_pb_text _builder_version=&#8221;4.27.4&#8243; _module_preset=&#8221;default&#8221; global_colors_info=&#8221;{}&#8221;]<\/p>\n<p><span style=\"font-weight: 400;\">En realidad, el ge\u00f3grafo se refiere a los nabateos, otro pueblo n\u00f3mada. Controlaban las rutas del comercio de las especies y del incienso, desde el Yemen hasta el Mediterr\u00e1neo, pasando por Petra. Desde Petra, la ruta de sus caravanas cruzaba el desierto del Negev, al sur del Mar Muerto. No tardaron, los nabateos en explotar la sal de este mar y el bet\u00fan (o bitumen, o asfalto) que flota sobre sus aguas, dos recursos valios\u00edsimos -y por esto codiciados- en el mundo antiguo: la sal para conservar los alimentos, el bet\u00fan para calafatear el casco de los barcos. Al final del siglo IV a. C., Demetrio Poliorcetes, hijo de un general de Alejandro Magno, tratando de someter los territorios al sur de Siria a la dominaci\u00f3n de su padre Ant\u00edgono Monoftalmos (el Tuerto) encontr\u00f3 a los nabateos en batalla. Aunque el resultado del enfrentamiento qued\u00f3 incierto, fue gracias a este evento como la existencia del poderoso y pr\u00f3spero pueblo de los nabateos lleg\u00f3 a los o\u00eddos del mundo griego. <\/span><\/p>\n<p>[\/et_pb_text][\/et_pb_column][\/et_pb_row][et_pb_row _builder_version=&#8221;4.27.4&#8243; _module_preset=&#8221;default&#8221; global_colors_info=&#8221;{}&#8221;][et_pb_column type=&#8221;4_4&#8243; _builder_version=&#8221;4.27.4&#8243; _module_preset=&#8221;default&#8221; global_colors_info=&#8221;{}&#8221;][et_pb_image src=&#8221;https:\/\/www.saxum.org\/wp-content\/uploads\/2025\/08\/NQUXSPzw.jpeg&#8221; alt=&#8221;El sitio de Petra visto desde Jabal al-Madhbah. Henri Gourinard, 2010.&#8221; title_text=&#8221;El sitio de Petra visto desde Jabal al-Madhbah. Henri Gourinard, 2010.&#8221; _builder_version=&#8221;4.27.4&#8243; _module_preset=&#8221;default&#8221; global_colors_info=&#8221;{}&#8221;][\/et_pb_image][et_pb_text _builder_version=&#8221;4.27.4&#8243; _module_preset=&#8221;default&#8221; global_colors_info=&#8221;{}&#8221;]<\/p>\n<p><small>El sitio de Petra visto desde Jabal al-Madhbah. Henri Gourinard, 2010.<\/small><\/p>\n<p>[\/et_pb_text][\/et_pb_column][\/et_pb_row][et_pb_row column_structure=&#8221;1_2,1_2&#8243; _builder_version=&#8221;4.27.4&#8243; _module_preset=&#8221;default&#8221; global_colors_info=&#8221;{}&#8221;][et_pb_column type=&#8221;1_2&#8243; _builder_version=&#8221;4.27.4&#8243; _module_preset=&#8221;default&#8221; global_colors_info=&#8221;{}&#8221;][et_pb_image src=&#8221;https:\/\/www.saxum.org\/wp-content\/uploads\/2025\/08\/unnamed-2.jpg&#8221; alt=&#8221;Izquierda: Petra, al-Khazneh (el Tesoro).&#8221; title_text=&#8221;Izquierda: Petra, al-Khazneh (el Tesoro).&#8221; show_in_lightbox=&#8221;on&#8221; _builder_version=&#8221;4.27.4&#8243; _module_preset=&#8221;default&#8221; global_colors_info=&#8221;{}&#8221;][\/et_pb_image][et_pb_text _builder_version=&#8221;4.27.4&#8243; _module_preset=&#8221;default&#8221; global_colors_info=&#8221;{}&#8221;]<small>Izquierda: Petra, al-Khazneh (el Tesoro).<\/small>[\/et_pb_text][\/et_pb_column][et_pb_column type=&#8221;1_2&#8243; _builder_version=&#8221;4.27.4&#8243; _module_preset=&#8221;default&#8221; global_colors_info=&#8221;{}&#8221;][et_pb_image src=&#8221;https:\/\/www.saxum.org\/wp-content\/uploads\/2025\/08\/unnamed-3.jpg&#8221; alt=&#8221;Derecha: Petra, al-Deir (el Monasterio). Henri Gourinard, 2010.&#8221; title_text=&#8221;Derecha: Petra, al-Deir (el Monasterio). Henri Gourinard, 2010.&#8221; _builder_version=&#8221;4.27.4&#8243; _module_preset=&#8221;default&#8221; global_colors_info=&#8221;{}&#8221;][\/et_pb_image][et_pb_text _builder_version=&#8221;4.27.4&#8243; _module_preset=&#8221;default&#8221; global_colors_info=&#8221;{}&#8221;]<small>Derecha: Petra, al-Deir (el Monasterio). Henri Gourinard, 2010.<\/small>[\/et_pb_text][\/et_pb_column][\/et_pb_row][et_pb_row _builder_version=&#8221;4.27.4&#8243; _module_preset=&#8221;default&#8221; global_colors_info=&#8221;{}&#8221;][et_pb_column type=&#8221;4_4&#8243; _builder_version=&#8221;4.27.4&#8243; _module_preset=&#8221;default&#8221; global_colors_info=&#8221;{}&#8221;][et_pb_text _builder_version=&#8221;4.27.4&#8243; _module_preset=&#8221;default&#8221; global_colors_info=&#8221;{}&#8221;]<\/p>\n<p><span style=\"font-weight: 400;\">Contin\u00faa Diodoro hablando de la \u201cRoca\u201d (Petra) en la que, seg\u00fan \u00e9l, los nabateos guardan sus tesoros. \u00bfTiene raz\u00f3n Diodoro? Es cierto, que hoy d\u00eda uno de los edificios m\u00e1s destacados de Petra se llama <\/span><i><span style=\"font-weight: 400;\">al-Khazneh<\/span><\/i><span style=\"font-weight: 400;\">, que significa el tesoro. Pero otro se llama <\/span><i><span style=\"font-weight: 400;\">al-Deir<\/span><\/i><span style=\"font-weight: 400;\">, es decir \u201cel monasterio\u201d. Obviamente no exist\u00eda ning\u00fan monasterio en aquella \u00e9poca. Se trata, sin duda de unos calificativos tard\u00edos. Petra era la \u00fanica ciudad construida de piedra -o, mejor dicho, tallada en la roca\u2026 y era una ciudad para los muertos. Los vivos, en cambio, segu\u00edan el mismo ideal de vida n\u00f3mada que los recabitas: viv\u00edan bajo tiendas.\u00a0<\/span><\/p>\n<p><span style=\"font-weight: 400;\">En la \u00e9poca de Jerem\u00edas, el pueblo de Israel llevaba siglos de vida sedentaria. Hab\u00eda conquistado una capital -Jerusal\u00e9n-, erigido un templo a su Dios, e intensamente cultivado la tierra. Gobernado por un rey, que levantaba impuestos y reun\u00eda ej\u00e9rcito, los israelitas pod\u00edan ver cumplido su deseo de vivir como cualquier otro pueblo (cfr. 1 Sam 8). \u00a1Lejos quedaban en su memoria los d\u00edas del \u00c9xodo!<\/span><\/p>\n<p><span style=\"font-weight: 400;\">Quiz\u00e1 para que no caiga Israel en la soberbia de creer haber conseguido esta situaci\u00f3n por sus propios esfuerzos, se le ped\u00eda a cualquier var\u00f3n de Israel, antes de presentar sus ofrendas en el templo rezar lo siguiente para que recuerde sus or\u00edgenes humildes de n\u00f3mada y extranjero (Deuteronomio 26,5):<\/span><\/p>\n<p><em>\u00a0 \u00a0 \u00a0 \u00a0 &#8220;Mi padre fue un arameo errante, que baj\u00f3 a Egipto, y se estableci\u00f3 all\u00ed como emigrante (\u2026)&#8221;<\/em><\/p>\n<p>Por Henri Gourinard<\/p>\n<p>&nbsp;<\/p>\n<p>[\/et_pb_text][et_pb_text _builder_version=&#8221;4.27.4&#8243; _module_preset=&#8221;default&#8221; custom_padding=&#8221;40px||40px||false|false&#8221; global_colors_info=&#8221;{}&#8221;]<\/p>\n<p><em>\u00a0 \u00a0<\/em><\/p>\n<p>[\/et_pb_text][et_pb_text _builder_version=&#8221;4.27.4&#8243; _module_preset=&#8221;default&#8221; background_color=&#8221;#FFFFFF&#8221; global_colors_info=&#8221;{}&#8221;][\/et_pb_text][\/et_pb_column][\/et_pb_row][\/et_pb_section]<\/p>\n","protected":false},"excerpt":{"rendered":"<p>Fragmento del mosaico de una iglesia bizantina cerca de Gaza representando un hombre (\u00bfun beduino?) dirigiendo a un camello cargado con \u00e1nforas de vino. Kissufim, siglo VI. Lugar de exhibici\u00f3n: Israel Museum. Fuente: Wikimedia Commons.El cap\u00edtulo 35 del libro de Jerem\u00edas empieza con una an\u00e9cdota extra\u00f1a. El profeta Jerem\u00edas, hablando en primera persona, se hace [&hellip;]<\/p>\n","protected":false},"author":8,"featured_media":252058,"comment_status":"closed","ping_status":"open","sticky":false,"template":"","format":"standard","meta":{"_et_pb_use_builder":"on","_et_pb_old_content":"","_et_gb_content_width":"","footnotes":"","_links_to":"","_links_to_target":""},"categories":[250],"tags":[],"class_list":["post-252056","post","type-post","status-publish","format-standard","has-post-thumbnail","hentry","category-ultimas-noticias"],"_links":{"self":[{"href":"https:\/\/www.saxum.org\/es\/wp-json\/wp\/v2\/posts\/252056","targetHints":{"allow":["GET"]}}],"collection":[{"href":"https:\/\/www.saxum.org\/es\/wp-json\/wp\/v2\/posts"}],"about":[{"href":"https:\/\/www.saxum.org\/es\/wp-json\/wp\/v2\/types\/post"}],"author":[{"embeddable":true,"href":"https:\/\/www.saxum.org\/es\/wp-json\/wp\/v2\/users\/8"}],"replies":[{"embeddable":true,"href":"https:\/\/www.saxum.org\/es\/wp-json\/wp\/v2\/comments?post=252056"}],"version-history":[{"count":25,"href":"https:\/\/www.saxum.org\/es\/wp-json\/wp\/v2\/posts\/252056\/revisions"}],"predecessor-version":[{"id":252159,"href":"https:\/\/www.saxum.org\/es\/wp-json\/wp\/v2\/posts\/252056\/revisions\/252159"}],"wp:featuredmedia":[{"embeddable":true,"href":"https:\/\/www.saxum.org\/es\/wp-json\/wp\/v2\/media\/252058"}],"wp:attachment":[{"href":"https:\/\/www.saxum.org\/es\/wp-json\/wp\/v2\/media?parent=252056"}],"wp:term":[{"taxonomy":"category","embeddable":true,"href":"https:\/\/www.saxum.org\/es\/wp-json\/wp\/v2\/categories?post=252056"},{"taxonomy":"post_tag","embeddable":true,"href":"https:\/\/www.saxum.org\/es\/wp-json\/wp\/v2\/tags?post=252056"}],"curies":[{"name":"wp","href":"https:\/\/api.w.org\/{rel}","templated":true}]}}