{"id":251999,"date":"2025-08-24T13:20:33","date_gmt":"2025-08-24T13:20:33","guid":{"rendered":"https:\/\/www.saxum.org\/?p=251999"},"modified":"2025-08-30T18:01:55","modified_gmt":"2025-08-30T18:01:55","slug":"otra-tumba-vacia","status":"publish","type":"post","link":"https:\/\/www.saxum.org\/es\/otra-tumba-vacia\/","title":{"rendered":"\u00bfOtra tumba vac\u00eda?"},"content":{"rendered":"<p><span style=\"font-weight: 400;\">Me acerqu\u00e9 hasta la Iglesia del pueblecito costero donde estar\u00e9 unos d\u00edas y, de pronto, un ni\u00f1o se me abalanz\u00f3. \u00a1Era Nick!, mi amigo de un vuelo corto hace poco m\u00e1s de dos a\u00f1os.\u00a0 Nos abrazamos como viejos amigos. Est\u00e1 m\u00e1s alto, pero igual. Detr\u00e1s de \u00e9l apareci\u00f3 una se\u00f1ora mayor: intu\u00ed que era su abuela.<\/span><\/p>\n<p><span style=\"font-weight: 400;\">&#8211; \u00bfSigues en Jerusal\u00e9n? Me pregunt\u00f3, con sus aires de chico mayor.<\/span><\/p>\n<p><span style=\"font-weight: 400;\">&#8211; \u00a1Claro! Solo estoy aqu\u00ed de vacaciones.<\/span><\/p>\n<p><span style=\"font-weight: 400;\">&#8211; Oye, me dijo sin m\u00e1s pre\u00e1mbulos, como si estuvi\u00e9semos de nuevo en el avi\u00f3n. &#8211; \u00bfEn Jerusal\u00e9n hay tambi\u00e9n una tumba de la Virgen?<\/span><\/p>\n<p><span style=\"font-weight: 400;\">Me ech\u00e9 a re\u00edr.<\/span><\/p>\n<p><span style=\"font-weight: 400;\">&#8211; Es que el 15 se celebra en el pueblo la&#8230; -dud\u00f3 buscando la palabra y su abuela le ayud\u00f3: la Asunci\u00f3n de Mar\u00eda- \u00a1Eso!: me ha dicho mi abuela que Ella tambi\u00e9n est\u00e1 en cuerpo y alma en el cielo con Jes\u00fas. \u00bfEs cierto?, \u00bfEst\u00e1 tambi\u00e9n vac\u00eda su tumba? \u00bfVa mucha gente a verla?&#8230;<\/span><\/p>\n<p><span style=\"font-weight: 400;\">Ante el aluvi\u00f3n de preguntas, interrump\u00ed con una sonrisa:<\/span><\/p>\n<p><span style=\"font-weight: 400;\">&#8211; \u00a1Nick!, una a una. S\u00ed; la Virgen Mar\u00eda es la Madre de Jes\u00fas: lo llev\u00f3 en su barriga, lo cri\u00f3, lo acompa\u00f1\u00f3 siempre y estuvo al pie de la cruz, firme, vi\u00e9ndole morir&#8230; Y Jes\u00fas le pidi\u00f3 a Juan uno de sus amigos m\u00e1s queridos que cuidar\u00e1 de ella&#8230;.<\/span><\/p>\n<div id=\"attachment_252000\" style=\"width: 310px\" class=\"wp-caption alignright\"><img loading=\"lazy\" decoding=\"async\" aria-describedby=\"caption-attachment-252000\" class=\"wp-image-252000 size-medium\" src=\"https:\/\/www.saxum.org\/wp-content\/uploads\/2025\/08\/Dormicion-de-la-Virgen-300x200.jpg\" alt=\"Abad\u00eda de la Dormici\u00f3n - Hagia Mar\u00eda, Jerusal\u00e9n\" width=\"300\" height=\"200\" \/><p id=\"caption-attachment-252000\" class=\"wp-caption-text\">Abad\u00eda de la Dormici\u00f3n &#8211; Hagia Mar\u00eda, Jerusal\u00e9n<\/p><\/div>\n<p><span style=\"font-weight: 400;\">Me interrumpi\u00f3 impaciente:<\/span><\/p>\n<p><span style=\"font-weight: 400;\">&#8211; \u00bfPero muri\u00f3 y resucit\u00f3 como Jes\u00fas? \u00bfExiste una tumba vac\u00eda y la gente hace cola para verla?<\/span><\/p>\n<p><span style=\"font-weight: 400;\">Sonre\u00ed: -S\u00ed Nick, est\u00e1 en el cielo en cuerpo y alma \u00a1para siempre&#8230; \u00a1Pero -no le dej\u00e9 que me interrumpiera otra vez- no se sabe si muri\u00f3 o no! Unos dicen que se durmi\u00f3 y los \u00e1ngeles se la llevaron al cielo; otros afirman que muri\u00f3 realmente y que, al tercer d\u00eda, apareci\u00f3 Tom\u00e1s, uno de los disc\u00edpulos que ven\u00eda de viaje y quiso verla por \u00faltima vez; pero, cuando entraron al sepulcro, estaba vac\u00edo.\u00a0<\/span><\/p>\n<p><span style=\"font-weight: 400;\">-\u00a1Pero al final todos dicen lo mismo: que Jes\u00fas se la llev\u00f3 con \u00c9l al cielo en cuerpo y alma! afirm\u00f3 la abuela de Nick.<\/span><\/p>\n<p><span style=\"font-weight: 400;\">-As\u00ed es; en Jerusal\u00e9n hay dos iglesias para celebrarlo: la Dormici\u00f3n, de los benedictinos alemanes y la tumba de la Virgen, cerca de Getseman\u00ed, de los ortodoxos, aclar\u00e9 dirigi\u00e9ndome a su abuela.\u00a0<\/span><\/p>\n<div id=\"attachment_252004\" style=\"width: 310px\" class=\"wp-caption alignright\"><img loading=\"lazy\" decoding=\"async\" aria-describedby=\"caption-attachment-252004\" class=\"size-medium wp-image-252004\" src=\"https:\/\/www.saxum.org\/wp-content\/uploads\/2025\/08\/Abadia-de-la-Dormicion-300x200.jpeg\" alt=\"Abad\u00eda de la Dormici\u00f3n - Hagia Mar\u00eda. Jerusal\u00e9n\" width=\"300\" height=\"200\" \/><p id=\"caption-attachment-252004\" class=\"wp-caption-text\">Abad\u00eda de la Dormici\u00f3n &#8211; Hagia Mar\u00eda. Jerusal\u00e9n<\/p><\/div>\n<p><span style=\"font-weight: 400;\">-\u00a1Bien por Jes\u00fas! Dijo Nick, acompa\u00f1ando las palabras con un gesto deportivo de triunfo. \u00a1Si yo tuviera poderes, har\u00eda lo mismo!\u00a0\u00a0<\/span><\/p>\n<p><span style=\"font-weight: 400;\">-Pero, adem\u00e1s -a\u00f1ad\u00ed aprovechando la peque\u00f1a pausa- fue tambi\u00e9n un super detalle con nosotros; tenemos la seguridad de que tambi\u00e9n resucitaremos. En Mar\u00eda est\u00e1 nuestra esperanza, porque en Ella se ha cumplido la Promesa de salvaci\u00f3n, que nos hizo Dios desde el principio del mundo.\u00a0<\/span><\/p>\n<p><span style=\"font-weight: 400;\">-Por eso le pedimos, intervino nuevamente su abuela: \u201cruega por nosotros\u2019 santa Madre de Dios, para que seamos dignos de alcanzar \u00a1y gozar!, las promesas de nuestro Se\u00f1or Jesucristo.\u201d<\/span><\/p>\n<p><span style=\"font-weight: 400;\">&#8211; Oye, me dijo Nick: \u00bfTe vas a quedar m\u00e1s?\u00a0 Tengo muchas preguntas&#8230;.<\/span><\/p>\n<p><span style=\"font-weight: 400;\">Por Carmen Roriguez Eyr\u00e9<\/span><\/p>\n<p>&nbsp;<\/p>\n","protected":false},"excerpt":{"rendered":"<p>Me acerqu\u00e9 hasta la Iglesia del pueblecito costero donde estar\u00e9 unos d\u00edas y, de pronto, un ni\u00f1o se me abalanz\u00f3. \u00a1Era Nick!, mi amigo de un vuelo corto hace poco m\u00e1s de dos a\u00f1os.\u00a0 Nos abrazamos como viejos amigos. Est\u00e1 m\u00e1s alto, pero igual. Detr\u00e1s de \u00e9l apareci\u00f3 una se\u00f1ora mayor: intu\u00ed que era su [&hellip;]<\/p>\n","protected":false},"author":5,"featured_media":252000,"comment_status":"closed","ping_status":"open","sticky":false,"template":"","format":"standard","meta":{"_et_pb_use_builder":"","_et_pb_old_content":"","_et_gb_content_width":"","footnotes":"","_links_to":"","_links_to_target":""},"categories":[250],"tags":[],"class_list":["post-251999","post","type-post","status-publish","format-standard","has-post-thumbnail","hentry","category-ultimas-noticias"],"_links":{"self":[{"href":"https:\/\/www.saxum.org\/es\/wp-json\/wp\/v2\/posts\/251999","targetHints":{"allow":["GET"]}}],"collection":[{"href":"https:\/\/www.saxum.org\/es\/wp-json\/wp\/v2\/posts"}],"about":[{"href":"https:\/\/www.saxum.org\/es\/wp-json\/wp\/v2\/types\/post"}],"author":[{"embeddable":true,"href":"https:\/\/www.saxum.org\/es\/wp-json\/wp\/v2\/users\/5"}],"replies":[{"embeddable":true,"href":"https:\/\/www.saxum.org\/es\/wp-json\/wp\/v2\/comments?post=251999"}],"version-history":[{"count":5,"href":"https:\/\/www.saxum.org\/es\/wp-json\/wp\/v2\/posts\/251999\/revisions"}],"predecessor-version":[{"id":252179,"href":"https:\/\/www.saxum.org\/es\/wp-json\/wp\/v2\/posts\/251999\/revisions\/252179"}],"wp:featuredmedia":[{"embeddable":true,"href":"https:\/\/www.saxum.org\/es\/wp-json\/wp\/v2\/media\/252000"}],"wp:attachment":[{"href":"https:\/\/www.saxum.org\/es\/wp-json\/wp\/v2\/media?parent=251999"}],"wp:term":[{"taxonomy":"category","embeddable":true,"href":"https:\/\/www.saxum.org\/es\/wp-json\/wp\/v2\/categories?post=251999"},{"taxonomy":"post_tag","embeddable":true,"href":"https:\/\/www.saxum.org\/es\/wp-json\/wp\/v2\/tags?post=251999"}],"curies":[{"name":"wp","href":"https:\/\/api.w.org\/{rel}","templated":true}]}}