{"id":251844,"date":"2025-07-17T06:51:07","date_gmt":"2025-07-17T06:51:07","guid":{"rendered":"https:\/\/www.saxum.org\/?p=251844"},"modified":"2025-07-17T06:51:07","modified_gmt":"2025-07-17T06:51:07","slug":"un-encuentro-en-el-aire","status":"publish","type":"post","link":"https:\/\/www.saxum.org\/es\/un-encuentro-en-el-aire\/","title":{"rendered":"Un Encuentro en el Aire"},"content":{"rendered":"<p><span style=\"font-weight: 400;\">En un vuelo corto comenc\u00e9 a hablar con un ni\u00f1o que viajaba solo.<\/span><\/p>\n<p><span style=\"font-weight: 400;\">En un momento de la conversaci\u00f3n me dijo con todo el aplomo de sus 8 a\u00f1os:<\/span><\/p>\n<ul>\n<li style=\"font-weight: 400;\" aria-level=\"1\"><span style=\"font-weight: 400;\">Dios no existe.<\/span><\/li>\n<li style=\"font-weight: 400;\" aria-level=\"1\"><span style=\"font-weight: 400;\">\u00bfNo?<\/span><\/li>\n<\/ul>\n<p><span style=\"font-weight: 400;\">Ante mi asombro a\u00f1adi\u00f3:\u00a0<\/span><\/p>\n<ul>\n<li style=\"font-weight: 400;\" aria-level=\"1\"><span style=\"font-weight: 400;\">Bueno, y si existi\u00f3 alguna vez muri\u00f3: lo mataron.<\/span><\/li>\n<li style=\"font-weight: 400;\" aria-level=\"1\"><span style=\"font-weight: 400;\">\u00a1No puede ser! le respond\u00ed, con la misma seriedad y contundencia. Supongo que me hablas de Jes\u00fas que muri\u00f3 en una cruz.<\/span><\/li>\n<\/ul>\n<p><span style=\"font-weight: 400;\">\u2013 S\u00ed, me dijo.<\/span><\/p>\n<ul>\n<li style=\"font-weight: 400;\" aria-level=\"1\"><span style=\"font-weight: 400;\">Pues resucit\u00f3, le respond\u00ed. Yo vivo en Jerusal\u00e9n y su sepulcro est\u00e1 vac\u00edo. Yo lo vi. La gente de todo el mundo viene a Jerusal\u00e9n y pasa horas haciendo cola para ver el sepulcro vac\u00edo.<\/span><\/li>\n<\/ul>\n<p><span style=\"font-weight: 400;\">El ni\u00f1o me mir\u00f3 muy sorprendido ante semejante noticia: \u00bfPor qu\u00e9 le hab\u00edan ocultado ese dato? Hablamos muy poco m\u00e1s porque el avi\u00f3n aterriz\u00f3 y le esperaba su abuela. Pero a los dos nos cost\u00f3 separarnos.<\/span><\/p>\n<p><span style=\"font-weight: 400;\">El 15 de julio la iglesia de Jerusal\u00e9n celebra la dedicaci\u00f3n de la Bas\u00edlica del Santo Sepulcro.<\/span><\/p>\n<p><img loading=\"lazy\" decoding=\"async\" class=\"size-medium wp-image-251845 alignright\" src=\"https:\/\/www.saxum.org\/wp-content\/uploads\/2025\/07\/Holy-Sepulcher-300x300.png\" alt=\"\" width=\"300\" height=\"300\" \/><b>La bas\u00edlica del Santo Sepulcro<\/b><span style=\"font-weight: 400;\">, conocida tambi\u00e9n como la <\/span><b>iglesia de la Resurrecci\u00f3n <\/b><span style=\"font-weight: 400;\">es considerada el lugar m\u00e1s sagrado del cristianismo\u00a0<\/span><\/p>\n<p><span style=\"font-weight: 400;\">En el mundo hay miles, millones quiz\u00e1, de tumbas vac\u00edas, sin m\u00e1s inter\u00e9s que el dato documental arqueol\u00f3gico o cultural. \u00bfC\u00f3mo es posible que la historia de la humanidad haya cambiado por una tumba vac\u00eda en Jerusal\u00e9n?<\/span><\/p>\n<p><span style=\"font-weight: 400;\">La Tumba vac\u00eda fue testigo de la resurrecci\u00f3n de Jes\u00fas que rompi\u00f3 todos los moldes de la experiencia humana. Los Ap\u00f3stoles, en estado de <\/span><i><span style=\"font-weight: 400;\">shock,<\/span><\/i><span style=\"font-weight: 400;\"> despu\u00e9s de la crucifixi\u00f3n se resistieron a creer algo tan extraordinario: se quedaron aterrados cuando Jes\u00fas se present\u00f3 en medio de ellos en el Cen\u00e1culo. Tuvo que convencerlos: \u201cmirad mis manos y mis pies, soy yo, tocadme: un esp\u00edritu no tiene carne y huesos como yo tengo\u201d. Y les pidi\u00f3 algo de comer: le ofrecieron un trozo de pez asado. Lo tom\u00f3 y comi\u00f3 delante de ellos. \u00bfHay algo m\u00e1s material que comer, masticar, tragar?<\/span><\/p>\n<div id=\"attachment_251849\" style=\"width: 310px\" class=\"wp-caption alignleft\"><img loading=\"lazy\" decoding=\"async\" aria-describedby=\"caption-attachment-251849\" class=\"size-medium wp-image-251849\" src=\"https:\/\/www.saxum.org\/wp-content\/uploads\/2025\/07\/Holy-Sepulcher3-300x244.jpg\" alt=\"Santo Sepulcro, Jerusal\u00e9n\" width=\"300\" height=\"244\" \/><p id=\"caption-attachment-251849\" class=\"wp-caption-text\">Santo Sepulcro, Jerusal\u00e9n<\/p><\/div>\n<p><span style=\"font-weight: 400;\">Tom\u00e1s, que no estaba con ellos, se resisti\u00f3 a creer: \u00a1Venga ya! \u201csi no meto mi mano en sus heridas no creer\u00e9\u201d. Y Jes\u00fas, complaciente se apareci\u00f3 de nuevo y le dijo: \u201ctrae tu mano y m\u00e9tela en mi costado; y no seas incr\u00e9dulo, sino creyente\u201d (Jn 20,27).<\/span><\/p>\n<p><span style=\"font-weight: 400;\">La historia es una ciencia que se apoya en fuentes diversas para dar a conocer hechos que sucedieron y explicarlos. Ciertamente los datos se pueden menospreciar, tergiversar, reinterpretar.\u00a0 A veces preferimos ver secretas y torcidas manipulaciones en lugar de aceptar los hechos tal y como son, aunque no logremos entenderlos. Desde el principio se intent\u00f3 cambiar el significado de la tumba vac\u00eda.\u00a0<\/span><\/p>\n<p><span style=\"font-weight: 400;\">La fe, aunque es razonable, no es obvia -si fuera as\u00ed\u00a0<\/span><span style=\"font-weight: 400;\">no habr\u00eda fe-: es un don gratuito. Pero es tambi\u00e9n una elecci\u00f3n personal y libre, una respuesta. Yo ya he elegido y me he puesto en la fila de los que entran a rezar en la Tumba Vac\u00eda. <\/span><\/p>\n<p><span style=\"font-weight: 400;\">Por Carmen Rodr\u00edguez Eyre<\/span><\/p>\n<div id=\"attachment_251853\" style=\"width: 310px\" class=\"wp-caption aligncenter\"><img loading=\"lazy\" decoding=\"async\" aria-describedby=\"caption-attachment-251853\" class=\"size-medium wp-image-251853\" src=\"https:\/\/www.saxum.org\/wp-content\/uploads\/2025\/07\/Entrance-Holy-Sepulcher-300x225.jpg\" alt=\"Entrada al Santo Sepulcro, Jerusal\u00e9n\" width=\"300\" height=\"225\" \/><p id=\"caption-attachment-251853\" class=\"wp-caption-text\">Entrada al Santo Sepulcro, Jerusal\u00e9n<\/p><\/div>\n<p>&nbsp;<\/p>\n<p>&nbsp;<\/p>\n","protected":false},"excerpt":{"rendered":"<p>En un vuelo corto comenc\u00e9 a hablar con un ni\u00f1o que viajaba solo. En un momento de la conversaci\u00f3n me dijo con todo el aplomo de sus 8 a\u00f1os: Dios no existe. \u00bfNo? Ante mi asombro a\u00f1adi\u00f3:\u00a0 Bueno, y si existi\u00f3 alguna vez muri\u00f3: lo mataron. \u00a1No puede ser! le respond\u00ed, con la misma seriedad [&hellip;]<\/p>\n","protected":false},"author":5,"featured_media":251849,"comment_status":"closed","ping_status":"open","sticky":false,"template":"","format":"standard","meta":{"_et_pb_use_builder":"","_et_pb_old_content":"","_et_gb_content_width":"","footnotes":"","_links_to":"","_links_to_target":""},"categories":[250],"tags":[],"class_list":["post-251844","post","type-post","status-publish","format-standard","has-post-thumbnail","hentry","category-ultimas-noticias"],"_links":{"self":[{"href":"https:\/\/www.saxum.org\/es\/wp-json\/wp\/v2\/posts\/251844","targetHints":{"allow":["GET"]}}],"collection":[{"href":"https:\/\/www.saxum.org\/es\/wp-json\/wp\/v2\/posts"}],"about":[{"href":"https:\/\/www.saxum.org\/es\/wp-json\/wp\/v2\/types\/post"}],"author":[{"embeddable":true,"href":"https:\/\/www.saxum.org\/es\/wp-json\/wp\/v2\/users\/5"}],"replies":[{"embeddable":true,"href":"https:\/\/www.saxum.org\/es\/wp-json\/wp\/v2\/comments?post=251844"}],"version-history":[{"count":0,"href":"https:\/\/www.saxum.org\/es\/wp-json\/wp\/v2\/posts\/251844\/revisions"}],"wp:featuredmedia":[{"embeddable":true,"href":"https:\/\/www.saxum.org\/es\/wp-json\/wp\/v2\/media\/251849"}],"wp:attachment":[{"href":"https:\/\/www.saxum.org\/es\/wp-json\/wp\/v2\/media?parent=251844"}],"wp:term":[{"taxonomy":"category","embeddable":true,"href":"https:\/\/www.saxum.org\/es\/wp-json\/wp\/v2\/categories?post=251844"},{"taxonomy":"post_tag","embeddable":true,"href":"https:\/\/www.saxum.org\/es\/wp-json\/wp\/v2\/tags?post=251844"}],"curies":[{"name":"wp","href":"https:\/\/api.w.org\/{rel}","templated":true}]}}