{"id":251713,"date":"2025-06-22T11:25:33","date_gmt":"2025-06-22T11:25:33","guid":{"rendered":"https:\/\/www.saxum.org\/?p=251713"},"modified":"2025-06-23T09:43:12","modified_gmt":"2025-06-23T09:43:12","slug":"saxum-en-tierra-santa","status":"publish","type":"post","link":"https:\/\/www.saxum.org\/es\/saxum-en-tierra-santa\/","title":{"rendered":"Saxum"},"content":{"rendered":"<p><span style=\"font-weight: 400;\">Marzo de 1994. \u00c1lvaro del Portillo, Obispo Prelado del Opus Dei, viaja en peregrinaci\u00f3n a Tierra Santa, con el objetivo de cumplir un sue\u00f1o de San Josemar\u00eda Escriv\u00e1, fundador del Opus Dei, fallecido hace ahora 50 a\u00f1os, el 26 de junio de 1975.\u00a0<\/span><\/p>\n<div id=\"attachment_251714\" style=\"width: 310px\" class=\"wp-caption alignleft\"><img loading=\"lazy\" decoding=\"async\" aria-describedby=\"caption-attachment-251714\" class=\"size-medium wp-image-251714\" src=\"https:\/\/www.saxum.org\/wp-content\/uploads\/2025\/06\/Beato-Alvaro-del-Portillo-en-Tierra-Santa-1994-300x190.jpg\" alt=\"Beato \u00c1lvaro del Portillo en Tierra Santa 1994\" width=\"300\" height=\"190\" \/><p id=\"caption-attachment-251714\" class=\"wp-caption-text\">Beato \u00c1lvaro del Portillo en Tierra Santa 1994<\/p><\/div>\n<p><span style=\"font-weight: 400;\">Del Portillo, hoy beato \u00c1lvaro, visit\u00f3 los Lugares Santos con la devoci\u00f3n del peregrino y la responsabilidad del pastor, que se sabe acompa\u00f1ado por los fieles del Opus Dei y miles de amigos del mundo entero. La v\u00edspera de su regreso a Roma, el 22 de marzo, celebr\u00f3 misa en la iglesia franciscana del <\/span><i><span style=\"font-weight: 400;\">Cenacolino<\/span><\/i><span style=\"font-weight: 400;\">, el lugar m\u00e1s cercano al Cen\u00e1culo hist\u00f3rico. Nadie pod\u00eda sospechar que ser\u00eda su \u00faltima misa: falleci\u00f3 en su casa de Roma en la madrugada del d\u00eda 23.<\/span><\/p>\n<p><span style=\"font-weight: 400;\">Su sucesor, Javier Echevarr\u00eda, que le hab\u00eda acompa\u00f1ado en la peregrinaci\u00f3n, impuls\u00f3 la creaci\u00f3n y desarrollo de una iniciativa en Tierra Santa al servicio de los visitantes y peregrinos del mundo entero. Por unanimidad, desde el primer momento, el proyecto recibi\u00f3 el nombre de Saxum -roca- apelativo afectuoso que san Josemar\u00eda utilizaba para llamar a \u00c1lvaro, cuando era solamente un joven estudiante de ingenier\u00eda.<\/span><\/p>\n<div id=\"attachment_251718\" style=\"width: 310px\" class=\"wp-caption alignright\"><img loading=\"lazy\" decoding=\"async\" aria-describedby=\"caption-attachment-251718\" class=\"size-medium wp-image-251718\" src=\"https:\/\/www.saxum.org\/wp-content\/uploads\/2025\/06\/Bendicion-de-la-construccion-con-el-obispo-Javier-Echevarria-300x185.jpg\" alt=\"Bendici\u00f3n de la construcci\u00f3n con el obispo Javier Echevarr\u00eda\" width=\"300\" height=\"185\" \/><p id=\"caption-attachment-251718\" class=\"wp-caption-text\">Bendici\u00f3n de la construcci\u00f3n con el obispo Javier Echevarr\u00eda<\/p><\/div>\n<p><span style=\"font-weight: 400;\">Entre mis recuerdos de esos a\u00f1os, finales de los 90, est\u00e1 el entusiasmo con el que un grupo de amigas comenzamos a recaudar fondos para un proyecto que, al menos en mi caso, estaba convencida de que ser\u00edan otros quienes lo ver\u00edan hecho realidad.\u00a0<\/span><\/p>\n<p><span style=\"font-weight: 400;\">No pod\u00eda siquiera imaginar que alg\u00fan d\u00eda vivir\u00eda en Jerusal\u00e9n y tendr\u00eda la posibilidad de asistir a la inauguraci\u00f3n de Saxum Visitor Center en 2019: un centro multimedia explicativo de Tierra Santa en donde cada civilizaci\u00f3n parece destruir por completo la anterior. Sin embargo, m\u00e1s all\u00e1 de las apariencias, todo aqu\u00ed <\/span><i><span style=\"font-weight: 400;\">habla<\/span><\/i><span style=\"font-weight: 400;\"> de eternidad: de una Alianza Eterna, de una Promesa de salvaci\u00f3n, hecha por Dios a los hombres en el principio de los tiempos, que recorre transversalmente la Historia de la Humanidad como un hilo invisible.\u00a0<\/span><\/p>\n<div id=\"attachment_251722\" style=\"width: 310px\" class=\"wp-caption alignleft\"><img loading=\"lazy\" decoding=\"async\" aria-describedby=\"caption-attachment-251722\" class=\"size-medium wp-image-251722\" src=\"https:\/\/www.saxum.org\/wp-content\/uploads\/2025\/06\/Mapa-localizacon-de-Saxum-en-Abu-Ghosh-300x191.jpg\" alt=\"Mapa localizac\u00f3n de Saxum en Abu Ghosh\" width=\"300\" height=\"191\" srcset=\"https:\/\/www.saxum.org\/wp-content\/uploads\/2025\/06\/Mapa-localizacon-de-Saxum-en-Abu-Ghosh-300x191.jpg 300w, https:\/\/www.saxum.org\/wp-content\/uploads\/2025\/06\/Mapa-localizacon-de-Saxum-en-Abu-Ghosh-24x15.jpg 24w, https:\/\/www.saxum.org\/wp-content\/uploads\/2025\/06\/Mapa-localizacon-de-Saxum-en-Abu-Ghosh-36x23.jpg 36w, https:\/\/www.saxum.org\/wp-content\/uploads\/2025\/06\/Mapa-localizacon-de-Saxum-en-Abu-Ghosh-48x30.jpg 48w, https:\/\/www.saxum.org\/wp-content\/uploads\/2025\/06\/Mapa-localizacon-de-Saxum-en-Abu-Ghosh.jpg 400w\" sizes=\"(max-width: 300px) 100vw, 300px\" \/><p id=\"caption-attachment-251722\" class=\"wp-caption-text\">Mapa localizac\u00f3n de Saxum en Abu Ghosh<\/p><\/div>\n<p><span style=\"font-weight: 400;\">Jerusal\u00e9n -Tierra Santa- es lugar de encuentro; o, visto desde otro \u00e1ngulo, de b\u00fasqueda. Recibe a gente de todo el planeta que busca a Dios con coraz\u00f3n sincero, o que no lo buscaba, pero que se lo topa de pronto porque algo le interpela y necesita saber, necesita entender, necesita conocer. Quiz\u00e1, incluso sin formularlo, el atractivo que ejerce esta Tierra para cuantos de alg\u00fan modo se acercan a ella, es que cada uno, desde su personal identidad de origen, lengua, religi\u00f3n, tradici\u00f3n, etc. puede reconocerse en ella. Y es precisamente eso lo que le da un estilo cosmopolita \u00fanico y contrapuesto al de las grandes urbes de Occidente que, de pronto, resultan excesivamente homog\u00e9neas.\u00a0<\/span><\/p>\n<p><span style=\"font-weight: 400;\">Aqu\u00ed es f\u00e1cil comprender que, en realidad, no es el hombre quien busca a Dios; sino Dios mismo quien, con paciencia infinita, sale al encuentro de los hombres, de cada hombre y de cada mujer, generaci\u00f3n tras generaci\u00f3n.<\/span><\/p>\n<p><span style=\"font-weight: 400;\">Por Camen Rodr\u00edguez<\/span> <span style=\"font-weight: 400;\">Eyre<\/span><\/p>\n<div id=\"attachment_251726\" style=\"width: 310px\" class=\"wp-caption aligncenter\"><img loading=\"lazy\" decoding=\"async\" aria-describedby=\"caption-attachment-251726\" class=\"size-medium wp-image-251726\" src=\"https:\/\/www.saxum.org\/wp-content\/uploads\/2025\/06\/Grupo-de-Africa-en-Saxum-2025-300x169.jpeg\" alt=\"Grupo de \u00c1frica en Saxum 2025\" width=\"300\" height=\"169\" \/><p id=\"caption-attachment-251726\" class=\"wp-caption-text\">Grupo de \u00c1frica en Saxum 2025<\/p><\/div>\n<div id=\"attachment_251735\" style=\"width: 310px\" class=\"wp-caption aligncenter\"><img loading=\"lazy\" decoding=\"async\" aria-describedby=\"caption-attachment-251735\" class=\"size-medium wp-image-251735\" src=\"https:\/\/www.saxum.org\/wp-content\/uploads\/2025\/06\/SAXUM-126-300x200.jpg\" alt=\"Saxum Visitor Center\" width=\"300\" height=\"200\" \/><p id=\"caption-attachment-251735\" class=\"wp-caption-text\">Saxum Visitor Center<\/p><\/div>\n<p>&nbsp;<\/p>\n<p>&nbsp;<\/p>\n","protected":false},"excerpt":{"rendered":"<p>Marzo de 1994. \u00c1lvaro del Portillo, Obispo Prelado del Opus Dei, viaja en peregrinaci\u00f3n a Tierra Santa, con el objetivo de cumplir un sue\u00f1o de San Josemar\u00eda Escriv\u00e1, fundador del Opus Dei, fallecido hace ahora 50 a\u00f1os, el 26 de junio de 1975.\u00a0 Del Portillo, hoy beato \u00c1lvaro, visit\u00f3 los Lugares Santos con la devoci\u00f3n [&hellip;]<\/p>\n","protected":false},"author":5,"featured_media":251735,"comment_status":"closed","ping_status":"open","sticky":false,"template":"","format":"standard","meta":{"_et_pb_use_builder":"","_et_pb_old_content":"","_et_gb_content_width":"","footnotes":"","_links_to":"","_links_to_target":""},"categories":[250],"tags":[],"class_list":["post-251713","post","type-post","status-publish","format-standard","has-post-thumbnail","hentry","category-ultimas-noticias"],"_links":{"self":[{"href":"https:\/\/www.saxum.org\/es\/wp-json\/wp\/v2\/posts\/251713","targetHints":{"allow":["GET"]}}],"collection":[{"href":"https:\/\/www.saxum.org\/es\/wp-json\/wp\/v2\/posts"}],"about":[{"href":"https:\/\/www.saxum.org\/es\/wp-json\/wp\/v2\/types\/post"}],"author":[{"embeddable":true,"href":"https:\/\/www.saxum.org\/es\/wp-json\/wp\/v2\/users\/5"}],"replies":[{"embeddable":true,"href":"https:\/\/www.saxum.org\/es\/wp-json\/wp\/v2\/comments?post=251713"}],"version-history":[{"count":0,"href":"https:\/\/www.saxum.org\/es\/wp-json\/wp\/v2\/posts\/251713\/revisions"}],"wp:featuredmedia":[{"embeddable":true,"href":"https:\/\/www.saxum.org\/es\/wp-json\/wp\/v2\/media\/251735"}],"wp:attachment":[{"href":"https:\/\/www.saxum.org\/es\/wp-json\/wp\/v2\/media?parent=251713"}],"wp:term":[{"taxonomy":"category","embeddable":true,"href":"https:\/\/www.saxum.org\/es\/wp-json\/wp\/v2\/categories?post=251713"},{"taxonomy":"post_tag","embeddable":true,"href":"https:\/\/www.saxum.org\/es\/wp-json\/wp\/v2\/tags?post=251713"}],"curies":[{"name":"wp","href":"https:\/\/api.w.org\/{rel}","templated":true}]}}