{"id":251568,"date":"2025-05-21T06:46:19","date_gmt":"2025-05-21T06:46:19","guid":{"rendered":"https:\/\/www.saxum.org\/?p=251568"},"modified":"2025-05-21T06:48:46","modified_gmt":"2025-05-21T06:48:46","slug":"un-recorrido-por-las-profecias-de-la-capilla-de-la-crucifixion-del-santo-sepulcro-daniel-926-isaias-537-9-y-zacarias-1210","status":"publish","type":"post","link":"https:\/\/www.saxum.org\/es\/un-recorrido-por-las-profecias-de-la-capilla-de-la-crucifixion-del-santo-sepulcro-daniel-926-isaias-537-9-y-zacarias-1210\/","title":{"rendered":"Un recorrido por las Profec\u00edas de la Capilla de la Crucifixi\u00f3n del Santo Sepulcro: Daniel 9,26"},"content":{"rendered":"<p style=\"text-align: center;\"><b>\u00a0<\/b><i><span style=\"font-weight: 400;\">&#8220;<\/span><\/i><b>EL ENIGMA PROF\u00c9TICO DE DANIEL 9,26<\/b><\/p>\n<p><b>\u201cPasadas las sesenta y dos semanas, matar\u00e1n a un ungido inocente. Vendr\u00e1 un pr\u00edncipe con su tropa y arrasar\u00e1 la ciudad y el templo, pero su final ser\u00e1 un cataclismo; guerra y destrucci\u00f3n est\u00e1n decretadas hasta el fin\u201d<\/b><span style=\"font-weight: 400;\"> (Daniel 9,26)<\/span><\/p>\n<div id=\"attachment_251081\" style=\"width: 310px\" class=\"wp-caption alignright\"><img loading=\"lazy\" decoding=\"async\" aria-describedby=\"caption-attachment-251081\" class=\"size-medium wp-image-251081\" src=\"https:\/\/www.saxum.org\/wp-content\/uploads\/2025\/02\/Capilla-del-Santa-Sepulcro-Jerusalen-300x210.jpg\" alt=\"Capilla del Santa Sepulcro, Jerusal\u00e9n\" width=\"300\" height=\"210\" \/><p id=\"caption-attachment-251081\" class=\"wp-caption-text\">Capilla del Santa Sepulcro, Jerusal\u00e9n<\/p><\/div>\n<p><span style=\"font-weight: 400;\">El libro de Daniel nos ofrece esta singular profec\u00eda que ha fascinado a te\u00f3logos e historiadores por igual. En ella se predijo con asombrosa precisi\u00f3n el momento en que se desarrollar\u00edan los acontecimientos de la obra de la Redenci\u00f3n.<\/span><\/p>\n<p><span style=\"font-weight: 400;\">El vers\u00edculo comienza con una frase enigm\u00e1tica: <\/span><b>\u201cPasadas las sesenta y dos semanas, matar\u00e1n a un ungido inocente\u201d<\/b><span style=\"font-weight: 400;\">. Estableci\u00e9ndose un marco temporal preciso para la muerte del Mes\u00edas, un evento que marcar\u00eda un antes y un despu\u00e9s en la historia del mundo.<\/span><\/p>\n<p><span style=\"font-weight: 400;\">Una interpretaci\u00f3n ampliamente aceptada sostiene que <\/span><i><span style=\"font-weight: 400;\">las sesenta y dos semana<\/span><\/i><span style=\"font-weight: 400;\">s mencionadas en la profec\u00eda pueden sumarse a <\/span><i><span style=\"font-weight: 400;\">las siete semanas<\/span><\/i><span style=\"font-weight: 400;\"> del vers\u00edculo anterior. Resultando un total de <\/span><i><span style=\"font-weight: 400;\">sesenta y nueve semanas<\/span><\/i><span style=\"font-weight: 400;\">, que equivalen a 483 a\u00f1os. Si sumamos estos a\u00f1os a la fecha del decreto de Artajerjes en Nehem\u00edas 2,1-20, la fecha final resultante coincide de forma notable con la fecha de la crucifixi\u00f3n de Jes\u00fas.<\/span><\/p>\n<p><span style=\"font-weight: 400;\">Pero adem\u00e1s, la profec\u00eda afirma con rotundidad: \u201c<\/span><b>matar\u00e1n a un ungido inocente<\/b><span style=\"font-weight: 400;\">\u201d (\u00abUngido\u00bb o \u00abMash\u00edaj\u00bb significa Mes\u00edas), <\/span><i><span style=\"font-weight: 400;\">un destino impensable para el Mes\u00edas: su muerte<\/span><\/i><span style=\"font-weight: 400;\">. Que, sin embargo, encuentra su cumplimiento en la crucifixi\u00f3n y muerte de Jesucristo (Mateo 27, Marcos 15, Lucas 23, Juan 19).<\/span><\/p>\n<div id=\"attachment_251569\" style=\"width: 310px\" class=\"wp-caption alignleft\"><img loading=\"lazy\" decoding=\"async\" aria-describedby=\"caption-attachment-251569\" class=\"size-medium wp-image-251569\" src=\"https:\/\/www.saxum.org\/wp-content\/uploads\/2025\/05\/The_Prophet_Daniel-300x257.jpg\" alt=\"Profeta Daniel\" width=\"300\" height=\"257\" \/><p id=\"caption-attachment-251569\" class=\"wp-caption-text\">Profeta Daniel<\/p><\/div>\n<p><span style=\"font-weight: 400;\">Pero es que adem\u00e1s, contin\u00faa describiendo las consecuencias de la muerte del Mes\u00edas: \u201c<\/span><b>Vendr\u00e1 un pr\u00edncipe con su tropa y arrasar\u00e1 la ciudad y el templo\u2026<\/b><span style=\"font-weight: 400;\">\u201d. Lo cual se cumpli\u00f3 hist\u00f3ricamente con la destrucci\u00f3n de Jerusal\u00e9n y el Templo en el a\u00f1o 70 d.C. por parte de las fuerzas romanas.<\/span><\/p>\n<p><span style=\"font-weight: 400;\">La profec\u00eda finaliza con una descripci\u00f3n apocal\u00edptica: \u201c<\/span><b>pero su final ser\u00e1 un cataclismo; guerra y destrucci\u00f3n est\u00e1n decretadas hasta el fin\u2026<\/b><span style=\"font-weight: 400;\">\u201d. Para algunos, esta destrucci\u00f3n ser\u00eda como un s\u00edmbolo del fin de los sacrificios y la mediaci\u00f3n sacerdotal del juda\u00edsmo, que ser\u00eda reemplazado por el sacrificio perfecto y eterno de Cristo. Para otros, se tratar\u00eda de un desarrollo m\u00e1s acerca de la destrucci\u00f3n anunciada.<\/span><\/p>\n<p><span style=\"font-weight: 400;\">En resumen, la profec\u00eda de Daniel 9,26 es un enigma fascinante que presenta una serie de coincidencias sorprendentes con la vida de Jes\u00fas: la precisi\u00f3n temporal, la descripci\u00f3n del destino del Mes\u00edas y las consecuencias de su muerte, junto al final apocal\u00edptico, convierten a esta profec\u00eda en un poderoso testimonio de la divinidad de Cristo y la veracidad de la Escritura.<\/span><\/p>\n<p><span style=\"font-weight: 400;\">Por don Rafael Sanz, sacerdote<\/span><\/p>\n","protected":false},"excerpt":{"rendered":"<p>\u00a0&#8220;EL ENIGMA PROF\u00c9TICO DE DANIEL 9,26 \u201cPasadas las sesenta y dos semanas, matar\u00e1n a un ungido inocente. Vendr\u00e1 un pr\u00edncipe con su tropa y arrasar\u00e1 la ciudad y el templo, pero su final ser\u00e1 un cataclismo; guerra y destrucci\u00f3n est\u00e1n decretadas hasta el fin\u201d (Daniel 9,26) El libro de Daniel nos ofrece esta singular profec\u00eda [&hellip;]<\/p>\n","protected":false},"author":5,"featured_media":250243,"comment_status":"closed","ping_status":"open","sticky":false,"template":"","format":"standard","meta":{"_et_pb_use_builder":"","_et_pb_old_content":"","_et_gb_content_width":"","footnotes":"","_links_to":"","_links_to_target":""},"categories":[250],"tags":[],"class_list":["post-251568","post","type-post","status-publish","format-standard","has-post-thumbnail","hentry","category-ultimas-noticias"],"_links":{"self":[{"href":"https:\/\/www.saxum.org\/es\/wp-json\/wp\/v2\/posts\/251568","targetHints":{"allow":["GET"]}}],"collection":[{"href":"https:\/\/www.saxum.org\/es\/wp-json\/wp\/v2\/posts"}],"about":[{"href":"https:\/\/www.saxum.org\/es\/wp-json\/wp\/v2\/types\/post"}],"author":[{"embeddable":true,"href":"https:\/\/www.saxum.org\/es\/wp-json\/wp\/v2\/users\/5"}],"replies":[{"embeddable":true,"href":"https:\/\/www.saxum.org\/es\/wp-json\/wp\/v2\/comments?post=251568"}],"version-history":[{"count":0,"href":"https:\/\/www.saxum.org\/es\/wp-json\/wp\/v2\/posts\/251568\/revisions"}],"wp:featuredmedia":[{"embeddable":true,"href":"https:\/\/www.saxum.org\/es\/wp-json\/wp\/v2\/media\/250243"}],"wp:attachment":[{"href":"https:\/\/www.saxum.org\/es\/wp-json\/wp\/v2\/media?parent=251568"}],"wp:term":[{"taxonomy":"category","embeddable":true,"href":"https:\/\/www.saxum.org\/es\/wp-json\/wp\/v2\/categories?post=251568"},{"taxonomy":"post_tag","embeddable":true,"href":"https:\/\/www.saxum.org\/es\/wp-json\/wp\/v2\/tags?post=251568"}],"curies":[{"name":"wp","href":"https:\/\/api.w.org\/{rel}","templated":true}]}}