{"id":251090,"date":"2025-02-21T08:40:13","date_gmt":"2025-02-21T08:40:13","guid":{"rendered":"https:\/\/www.saxum.org\/?p=251090"},"modified":"2025-02-24T08:52:17","modified_gmt":"2025-02-24T08:52:17","slug":"el-profeta-ezequiel","status":"publish","type":"post","link":"https:\/\/www.saxum.org\/es\/el-profeta-ezequiel\/","title":{"rendered":"El profeta Ezequiel"},"content":{"rendered":"<p><span style=\"font-weight: 400;\">Ezequiel era hijo del sacerdote Buz\u00ed, y tambi\u00e9n \u00e9l mismo fue sacerdote. El a\u00f1o 597 a.C., siendo todav\u00eda joven, form\u00f3 parte del grupo de los primeros deportados a Babilonia por Nabucodonosor. Cinco a\u00f1os despu\u00e9s, el 593, al cumplir los treinta a\u00f1os, es decir, a la edad en que deber\u00eda haberse incorporado a las funciones sacerdotales, tuvo una visi\u00f3n junto al r\u00edo Quebar, cerca del \u00c9ufrates, que le supuso una profunda transformaci\u00f3n interior. A partir de ah\u00ed se inicia su intensa actividad prof\u00e9tica que ayud\u00f3 mucho a mantener entre los deportados la fe en el Se\u00f1or, Dios de Israel.<\/span><\/p>\n<div id=\"attachment_251091\" style=\"width: 283px\" class=\"wp-caption alignleft\"><img loading=\"lazy\" decoding=\"async\" aria-describedby=\"caption-attachment-251091\" class=\"size-medium wp-image-251091\" src=\"https:\/\/www.saxum.org\/wp-content\/uploads\/2025\/02\/Ezekiel_by_Michelangelo_restored_-_large-273x300.jpg\" alt=\"Profeta Ezekiel por Michelangelo\" width=\"273\" height=\"300\" \/><p id=\"caption-attachment-251091\" class=\"wp-caption-text\">Profeta Ezekiel por Michelangelo<\/p><\/div>\n<p><span style=\"font-weight: 400;\">Ezequiel ilumina la situaci\u00f3n de los deportados sirvi\u00e9ndose de un lenguaje de visiones celestes, alegor\u00edas y grandiosas im\u00e1genes que proporcionan un tono singular a su libro. De entrada, proclama que la causa del destierro no ha sido otra que la infidelidad del pueblo a la Alianza y al amor de Dios. A pesar de todo, Dios se mantiene fiel: \u00abYo me acordar\u00e9 de mi alianza contigo en los d\u00edas de tu juventud, y establecer\u00e9 en tu favor una alianza eterna (\u2026). Yo mismo restablecer\u00e9 mi alianza contigo, y sabr\u00e1s que yo soy el Se\u00f1or\u00bb (Ez 16,60.63).<\/span><\/p>\n<p><span style=\"font-weight: 400;\">La nueva situaci\u00f3n que Dios va a crear con su pueblo puede ser descrita en t\u00e9rminos de \u00abresurrecci\u00f3n\u00bb. As\u00ed lo expresa con la imagen de los huesos secos que el Esp\u00edritu de Dios hace revestirse de nervios y de carne, hasta revivir. El futuro va a ser distinto del pasado. Comienza para Israel una \u00e9poca nueva: \u00abHe aqu\u00ed que yo abro vuestras tumbas; os har\u00e9 salir de vuestras tumbas, pueblo m\u00edo, y os llevar\u00e9 de nuevo al suelo de Israel [\u2026]. Infundir\u00e9 mi esp\u00edritu en vosotros y vivir\u00e9is; os establecer\u00e9 en vuestro suelo, y sabr\u00e9is que yo, el Se\u00f1or, lo digo y lo hago, or\u00e1culo del Se\u00f1or (Ez 37,12.14).<\/span><\/p>\n<div id=\"attachment_251095\" style=\"width: 310px\" class=\"wp-caption alignright\"><img loading=\"lazy\" decoding=\"async\" aria-describedby=\"caption-attachment-251095\" class=\"size-medium wp-image-251095\" src=\"https:\/\/www.saxum.org\/wp-content\/uploads\/2025\/02\/Vision-de-Ezequiel_-la-resurreccion-de-la-carne-Museo-del-Prado-300x260.jpg\" alt=\"Visi\u00f3n de Ezequiel la resurrecci\u00f3n de la carne, Museo del Prado\" width=\"300\" height=\"260\" \/><p id=\"caption-attachment-251095\" class=\"wp-caption-text\">Visi\u00f3n de Ezequiel la resurrecci\u00f3n de la carne, Museo del Prado, Madrid.\u00a0 \u00a9Photographic Archive Museo Nacional del Prado.<\/p><\/div>\n<p><span style=\"font-weight: 400;\">Desde el destierro, Ezequiel explica que la gloria del Se\u00f1or ha abandonado el Templo de Jerusal\u00e9n (Ez 11,23), que hab\u00eda sido profanado por las tropas babil\u00f3nicas. Sin embargo, el profeta anuncia para m\u00e1s adelante la llegada de un nuevo Templo. Lo contempla en una visi\u00f3n donde se concretan las nuevas medidas, sus dependencias, el personal que lo atiende y los sacrificios que se han de realizar (cap\u00edtulos 40 a 48). De ese Templo brota una fuente de aguas que purificar\u00e1n hasta la tierra m\u00e1s reseca y la har\u00e1n extremadamente f\u00e9rtil.\u00a0<\/span><\/p>\n<p><span style=\"font-weight: 400;\">Mientras tanto, en el destierro no hay Templo. El culto a Dios se suple por el cumplimiento de la Torah. Pero el profeta, con la experiencia de lo sucedido, reconoce que el pueblo por s\u00ed mismo no puede cumplir la Ley. Por eso espera una renovaci\u00f3n interior: \u00abYo os dar\u00e9 un coraz\u00f3n nuevo [\u2026]. Infundir\u00e9 mi esp\u00edritu en vosotros y har\u00e9 que os conduzc\u00e1is seg\u00fan mis preceptos y observ\u00e9is y practiqu\u00e9is mis normas (Ez 36,26-27).\u00a0<\/span><\/p>\n<p><span style=\"font-weight: 400;\">Por don Francisco Varo Pineda,sacerdote<\/span><\/p>\n","protected":false},"excerpt":{"rendered":"<p>Ezequiel era hijo del sacerdote Buz\u00ed, y tambi\u00e9n \u00e9l mismo fue sacerdote. El a\u00f1o 597 a.C., siendo todav\u00eda joven, form\u00f3 parte del grupo de los primeros deportados a Babilonia por Nabucodonosor. Cinco a\u00f1os despu\u00e9s, el 593, al cumplir los treinta a\u00f1os, es decir, a la edad en que deber\u00eda haberse incorporado a las funciones sacerdotales, [&hellip;]<\/p>\n","protected":false},"author":5,"featured_media":251095,"comment_status":"closed","ping_status":"open","sticky":false,"template":"","format":"standard","meta":{"_et_pb_use_builder":"","_et_pb_old_content":"","_et_gb_content_width":"","footnotes":"","_links_to":"","_links_to_target":""},"categories":[250],"tags":[],"class_list":["post-251090","post","type-post","status-publish","format-standard","has-post-thumbnail","hentry","category-ultimas-noticias"],"_links":{"self":[{"href":"https:\/\/www.saxum.org\/es\/wp-json\/wp\/v2\/posts\/251090","targetHints":{"allow":["GET"]}}],"collection":[{"href":"https:\/\/www.saxum.org\/es\/wp-json\/wp\/v2\/posts"}],"about":[{"href":"https:\/\/www.saxum.org\/es\/wp-json\/wp\/v2\/types\/post"}],"author":[{"embeddable":true,"href":"https:\/\/www.saxum.org\/es\/wp-json\/wp\/v2\/users\/5"}],"replies":[{"embeddable":true,"href":"https:\/\/www.saxum.org\/es\/wp-json\/wp\/v2\/comments?post=251090"}],"version-history":[{"count":0,"href":"https:\/\/www.saxum.org\/es\/wp-json\/wp\/v2\/posts\/251090\/revisions"}],"wp:featuredmedia":[{"embeddable":true,"href":"https:\/\/www.saxum.org\/es\/wp-json\/wp\/v2\/media\/251095"}],"wp:attachment":[{"href":"https:\/\/www.saxum.org\/es\/wp-json\/wp\/v2\/media?parent=251090"}],"wp:term":[{"taxonomy":"category","embeddable":true,"href":"https:\/\/www.saxum.org\/es\/wp-json\/wp\/v2\/categories?post=251090"},{"taxonomy":"post_tag","embeddable":true,"href":"https:\/\/www.saxum.org\/es\/wp-json\/wp\/v2\/tags?post=251090"}],"curies":[{"name":"wp","href":"https:\/\/api.w.org\/{rel}","templated":true}]}}