{"id":250418,"date":"2024-11-20T08:03:06","date_gmt":"2024-11-20T08:03:06","guid":{"rendered":"https:\/\/www.saxum.org\/?p=250418"},"modified":"2024-11-20T08:22:34","modified_gmt":"2024-11-20T08:22:34","slug":"los-primeros-profetas","status":"publish","type":"post","link":"https:\/\/www.saxum.org\/es\/los-primeros-profetas\/","title":{"rendered":"Los primeros profetas"},"content":{"rendered":"<p><span style=\"font-weight: 400;\">La palabra \u00abprofeta\u00bb deriva del griego <\/span><i><span style=\"font-weight: 400;\">profetes<\/span><\/i><span style=\"font-weight: 400;\">, que a su vez viene del verbo <\/span><i><span style=\"font-weight: 400;\">pro-femi<\/span><\/i><span style=\"font-weight: 400;\">, \u00abproferir\u00bb, \u00abhablar en lugar de otro\u00bb, especialmente de la divinidad. Se trata de una traducci\u00f3n fiel del t\u00e9rmino hebreo <\/span><i><span style=\"font-weight: 400;\">nab\u00ed <\/span><\/i><span style=\"font-weight: 400;\">(en plural<\/span><i><span style=\"font-weight: 400;\"> nebiim<\/span><\/i><span style=\"font-weight: 400;\">), que probablemente est\u00e1 relacionada con una ra\u00edz que significa \u00abllamar\u00bb, \u00abanunciar\u00bb. El <\/span><i><span style=\"font-weight: 400;\">nab\u00ed<\/span><\/i><span style=\"font-weight: 400;\"> es, pues, \u00abel llamado\u00bb o \u00abel que anuncia\u00bb, es decir, el mensajero de la palabra de Dios.\u00a0<\/span><\/p>\n<p><span style=\"font-weight: 400;\">Los libros del Nuevo Testamento se\u00f1alan una y otra vez que la esperanza anunciada y la salvaci\u00f3n proclamada por los profetas se han cumplido en Jes\u00fas, en su Persona, en sus acciones y en sus palabras. As\u00ed lo afirma abiertamente San Mateo: <\/span><i><span style=\"font-weight: 400;\">\u00abTodo esto sucedi\u00f3 para que se cumplieran las Escrituras de los Profetas\u00bb<\/span><\/i><span style=\"font-weight: 400;\"> (<\/span><i><span style=\"font-weight: 400;\">Mt<\/span><\/i><span style=\"font-weight: 400;\"> 26,56). Los Evangelios y las Cartas de los Ap\u00f3stoles prestan gran atenci\u00f3n a cuanto dijeron los profetas y no dejan de se\u00f1alar que sus or\u00e1culos se han cumplido.\u00a0<\/span><\/p>\n<div id=\"attachment_250425\" style=\"width: 273px\" class=\"wp-caption alignleft\"><img loading=\"lazy\" decoding=\"async\" aria-describedby=\"caption-attachment-250425\" class=\"size-medium wp-image-250425\" src=\"https:\/\/www.saxum.org\/wp-content\/uploads\/2024\/11\/Nathan-and-David-by-Matthias-Scheits-263x300.jpg\" alt=\"Nathan y David por Matthias Scheits\" width=\"263\" height=\"300\" srcset=\"https:\/\/www.saxum.org\/wp-content\/uploads\/2024\/11\/Nathan-and-David-by-Matthias-Scheits-263x300.jpg 263w, https:\/\/www.saxum.org\/wp-content\/uploads\/2024\/11\/Nathan-and-David-by-Matthias-Scheits-21x24.jpg 21w, https:\/\/www.saxum.org\/wp-content\/uploads\/2024\/11\/Nathan-and-David-by-Matthias-Scheits-32x36.jpg 32w, https:\/\/www.saxum.org\/wp-content\/uploads\/2024\/11\/Nathan-and-David-by-Matthias-Scheits-42x48.jpg 42w, https:\/\/www.saxum.org\/wp-content\/uploads\/2024\/11\/Nathan-and-David-by-Matthias-Scheits.jpg 420w\" sizes=\"(max-width: 263px) 100vw, 263px\" \/><p id=\"caption-attachment-250425\" class=\"wp-caption-text\">Nathan y David por Matthias Scheits<\/p><\/div>\n<p><span style=\"font-weight: 400;\">Por eso, tambi\u00e9n al cristiano de todos los tiempos le interesa saber algo acerca de esos personajes que se mencionan con frecuencia en la historia b\u00edblica, en muy diversos momentos. No son figuras lejanas ni voces perdidas que claman en un pasado remoto. Dios ha hablado por medio de sus acciones y de sus palabras, y su mensaje mantiene una perenne actualidad.\u00a0<\/span><\/p>\n<div id=\"attachment_250421\" style=\"width: 199px\" class=\"wp-caption alignright\"><img loading=\"lazy\" decoding=\"async\" aria-describedby=\"caption-attachment-250421\" class=\"size-medium wp-image-250421\" src=\"https:\/\/www.saxum.org\/wp-content\/uploads\/2024\/11\/Elias-con-el-Angel-por-Juan-de-Valdes-Leal-189x300.jpg\" alt=\"El\u00edas con el \u00c1ngel por Juan de Vald\u00e9s Leal\" width=\"189\" height=\"300\" \/><p id=\"caption-attachment-250421\" class=\"wp-caption-text\">El\u00edas con el \u00c1ngel por Juan de Vald\u00e9s Leal<\/p><\/div>\n<p><span style=\"font-weight: 400;\">En esta ocasi\u00f3n vamos a hablar sobre los primeros profetas b\u00edblicos, aquellos de los que tenemos noticia porque se mencionan en alg\u00fan texto de la Biblia, pero de los que no conservamos libros con sus profec\u00edas u or\u00e1culos. M\u00e1s adelante trataremos tambi\u00e9n de los profetas escritores.<\/span><\/p>\n<p><span style=\"font-weight: 400;\">Los primeros profetas de Israel eran personas que pertenec\u00edan a agrupaciones vinculadas con algunos lugares de culto, y de las que se habla ocasionalmente en los libros sagrados. Las menciones a estos personajes aluden a un tipo de actividad con unas manifestaciones externas en parte an\u00e1logas a los \u00abprofetas\u00bb cananeos que habitaban en la regi\u00f3n, y que entraban en \u00e9xtasis con gritos, danzas y m\u00fasica. Sin embargo, a diferencia de aquellos, estos profetas predicaban la fe en el \u00fanico Dios de Israel.\u00a0<\/span><\/p>\n<p><span style=\"font-weight: 400;\">Acostumbraban a vivir juntos y se manten\u00edan de la limosna. A sus agrupaciones se las denomina en la Biblia <\/span><i><span style=\"font-weight: 400;\">bene nabi<\/span><\/i><span style=\"font-weight: 400;\"> o <\/span><i><span style=\"font-weight: 400;\">bene nebiim<\/span><\/i><span style=\"font-weight: 400;\">, es decir, \u00abhijos de profeta, o de profetas\u00bb. Su tenor de vida era muy sobrio, y sol\u00edan vestir con un manto de pelo sobre una t\u00fanica sujeta con un ce\u00f1idor de cuero. A veces ten\u00edas se\u00f1ales en la frente o cicatrices de las heridas que se hac\u00edan en los trances.\u00a0<\/span><\/p>\n<div id=\"attachment_250429\" style=\"width: 176px\" class=\"wp-caption alignleft\"><img loading=\"lazy\" decoding=\"async\" aria-describedby=\"caption-attachment-250429\" class=\"wp-image-250429 size-medium\" src=\"https:\/\/www.saxum.org\/wp-content\/uploads\/2024\/11\/Profeta-Elias-junto-a-los-profetas-de-Baal-por-Juan-Valdes-Leal--166x300.jpg\" alt=\"Profeta Elias junto a los profetas de Baal por Juan de Vald\u00e9s Leal\" width=\"166\" height=\"300\" srcset=\"https:\/\/www.saxum.org\/wp-content\/uploads\/2024\/11\/Profeta-Elias-junto-a-los-profetas-de-Baal-por-Juan-Valdes-Leal--166x300.jpg 166w, https:\/\/www.saxum.org\/wp-content\/uploads\/2024\/11\/Profeta-Elias-junto-a-los-profetas-de-Baal-por-Juan-Valdes-Leal--13x24.jpg 13w, https:\/\/www.saxum.org\/wp-content\/uploads\/2024\/11\/Profeta-Elias-junto-a-los-profetas-de-Baal-por-Juan-Valdes-Leal--20x36.jpg 20w, https:\/\/www.saxum.org\/wp-content\/uploads\/2024\/11\/Profeta-Elias-junto-a-los-profetas-de-Baal-por-Juan-Valdes-Leal--27x48.jpg 27w, https:\/\/www.saxum.org\/wp-content\/uploads\/2024\/11\/Profeta-Elias-junto-a-los-profetas-de-Baal-por-Juan-Valdes-Leal-.jpg 332w\" sizes=\"(max-width: 166px) 100vw, 166px\" \/><p id=\"caption-attachment-250429\" class=\"wp-caption-text\">Profeta Elias junto a los profetas de Baal por Juan de Vald\u00e9s Leal<\/p><\/div>\n<p><span style=\"font-weight: 400;\">En los inicios de la monarqu\u00eda los miembros de estas agrupaciones prof\u00e9ticas tambi\u00e9n llegan a la corte y pasan al servicio de los reyes, convertidos en consejeros. Algunos son elegidos por el Se\u00f1or para orientar a los monarcas acerca de la voluntad divina, o ayudarles a reconocer sus pecados para que hagan penitencia. Entre ellos, Samuel, Nat\u00e1n y Gad tuvieron una funci\u00f3n importante en la ascensi\u00f3n al trono de Sa\u00fal y David, as\u00ed como en el reinado de David.<\/span><\/p>\n<div id=\"attachment_250433\" style=\"width: 264px\" class=\"wp-caption alignright\"><img loading=\"lazy\" decoding=\"async\" aria-describedby=\"caption-attachment-250433\" class=\"wp-image-250433 size-medium\" src=\"https:\/\/www.saxum.org\/wp-content\/uploads\/2024\/11\/Elisha-Raising-Shunammites-Son-254x300.jpg\" alt=\"Eliseo resucita al hijo de Sunamita, Bible Card\" width=\"254\" height=\"300\" \/><p id=\"caption-attachment-250433\" class=\"wp-caption-text\">Eliseo resucita al hijo de Sunamita, Bible Card<\/p><\/div>\n<p><span style=\"font-weight: 400;\">Algo m\u00e1s adelante, durante el reinado de Ajab de Israel, aparecen en escena El\u00edas y Eliseo. Ambos desarrollaron su actividad en el reino del norte durante el siglo IX a.C. En los libros de los Reyes se insiste en que sus palabras, as\u00ed como las de todos los verdaderos profetas y hombres de Dios, se cumplen puntual e inexorablemente, aunque haya pasado mucho tiempo desde que fueron dichas. En esta forma de presentar la historia subyace la certeza de que la palabra de Dios, pronunciada por medio de los profetas, gu\u00eda y dirige la historia de Israel con toda su divina eficacia.\u00a0<\/span><\/p>\n<p><span style=\"font-weight: 400;\">Por Francisco Varo, sacerdote<\/span><\/p>\n","protected":false},"excerpt":{"rendered":"<p>La palabra \u00abprofeta\u00bb deriva del griego profetes, que a su vez viene del verbo pro-femi, \u00abproferir\u00bb, \u00abhablar en lugar de otro\u00bb, especialmente de la divinidad. Se trata de una traducci\u00f3n fiel del t\u00e9rmino hebreo nab\u00ed (en plural nebiim), que probablemente est\u00e1 relacionada con una ra\u00edz que significa \u00abllamar\u00bb, \u00abanunciar\u00bb. El nab\u00ed es, pues, \u00abel llamado\u00bb [&hellip;]<\/p>\n","protected":false},"author":5,"featured_media":250425,"comment_status":"closed","ping_status":"open","sticky":false,"template":"","format":"standard","meta":{"_et_pb_use_builder":"","_et_pb_old_content":"","_et_gb_content_width":"","footnotes":"","_links_to":"","_links_to_target":""},"categories":[250],"tags":[],"class_list":["post-250418","post","type-post","status-publish","format-standard","has-post-thumbnail","hentry","category-ultimas-noticias"],"_links":{"self":[{"href":"https:\/\/www.saxum.org\/es\/wp-json\/wp\/v2\/posts\/250418","targetHints":{"allow":["GET"]}}],"collection":[{"href":"https:\/\/www.saxum.org\/es\/wp-json\/wp\/v2\/posts"}],"about":[{"href":"https:\/\/www.saxum.org\/es\/wp-json\/wp\/v2\/types\/post"}],"author":[{"embeddable":true,"href":"https:\/\/www.saxum.org\/es\/wp-json\/wp\/v2\/users\/5"}],"replies":[{"embeddable":true,"href":"https:\/\/www.saxum.org\/es\/wp-json\/wp\/v2\/comments?post=250418"}],"version-history":[{"count":0,"href":"https:\/\/www.saxum.org\/es\/wp-json\/wp\/v2\/posts\/250418\/revisions"}],"wp:featuredmedia":[{"embeddable":true,"href":"https:\/\/www.saxum.org\/es\/wp-json\/wp\/v2\/media\/250425"}],"wp:attachment":[{"href":"https:\/\/www.saxum.org\/es\/wp-json\/wp\/v2\/media?parent=250418"}],"wp:term":[{"taxonomy":"category","embeddable":true,"href":"https:\/\/www.saxum.org\/es\/wp-json\/wp\/v2\/categories?post=250418"},{"taxonomy":"post_tag","embeddable":true,"href":"https:\/\/www.saxum.org\/es\/wp-json\/wp\/v2\/tags?post=250418"}],"curies":[{"name":"wp","href":"https:\/\/api.w.org\/{rel}","templated":true}]}}