{"id":249732,"date":"2024-06-17T12:37:23","date_gmt":"2024-06-17T12:37:23","guid":{"rendered":"https:\/\/www.saxum.org\/?p=249732"},"modified":"2024-06-20T10:44:40","modified_gmt":"2024-06-20T10:44:40","slug":"una-experiencia-en-saxum","status":"publish","type":"post","link":"https:\/\/www.saxum.org\/es\/una-experiencia-en-saxum\/","title":{"rendered":"Una experiencia en Saxum"},"content":{"rendered":"<p><span style=\"font-weight: 400;\">Soy Mari\u00e1n L\u00f3pez, de Monterrey, M\u00e9xico. Recientemente viv\u00ed uno de los mejores regalos de mi vida al ser<\/span><span style=\"font-weight: 400;\"> parte del Programa de Formaci\u00f3n como trainee <\/span><span style=\"font-weight: 400;\">en <\/span><b><i>Saxum Visitor Center<\/i><\/b> <span style=\"font-weight: 400;\">por<\/span> <span style=\"font-weight: 400;\">un a\u00f1o, de agosto 2022 a agosto 2023.<\/span><\/p>\n<p><span style=\"font-weight: 400;\">Esta experiencia me impact\u00f3 en m\u00e1s de una forma: hablando concretamente de <\/span><i><span style=\"font-weight: 400;\">Saxum Visitor Center<\/span><\/i><span style=\"font-weight: 400;\">, me impresion\u00f3 ver tantas personas de todas partes unidas por un mismo punto com\u00fan: la apertura, el conocer y el aprender. Cada uno desde sus distintos contextos, religiones, or\u00edgenes y fines.\u00a0\u00a0<\/span><\/p>\n<p><span style=\"font-weight: 400;\">Si somos cristianos podemos escuchar semanalmente, desde que tenemos memoria, hablar de lugares como Jerusal\u00e9n, Nazaret\u2026, pero sin ubicarlos geogr\u00e1ficamente o que pasen en\u00a0 nuestra imaginaci\u00f3n como un lugar que puede no parecerse a lo que en realidad es (muchas veces podemos considerarlos sitios casi imaginarios). Para m\u00ed esto fue realmente impactante desde la primera vez que vine a Tierra Santa en 2014. Desde esa peregrinaci\u00f3n me qued\u00e9 con el deseo de regresar. Y Dios as\u00ed lo quiso.<\/span><\/p>\n<div id=\"attachment_249733\" style=\"width: 310px\" class=\"wp-caption alignleft\"><img loading=\"lazy\" decoding=\"async\" aria-describedby=\"caption-attachment-249733\" class=\"size-medium wp-image-249733\" src=\"https:\/\/www.saxum.org\/wp-content\/uploads\/2024\/06\/Marian-Lopez-300x225.jpg\" alt=\"Mari\u00e1n L\u00f3pez en Saxum Visitor Center\" width=\"300\" height=\"225\" \/><p id=\"caption-attachment-249733\" class=\"wp-caption-text\">Mari\u00e1n L\u00f3pez en Saxum Visitor Center<\/p><\/div>\n<p><span style=\"font-weight: 400;\">Es un gran privilegio poder venir aqu\u00ed y s\u00e9 que no todos podr\u00e1n tener la oportunidad de venir.\u00a0 Estar aqu\u00ed y vivir la experiencia de <\/span><i><span style=\"font-weight: 400;\">Saxum<\/span><\/i><span style=\"font-weight: 400;\"> me ayudaron a captar qu\u00e9 es vivir verdaderamente el \u201c<\/span><i><span style=\"font-weight: 400;\">hic et nunc<\/span><\/i><span style=\"font-weight: 400;\">\u201d: el \u201caqu\u00ed y ahora\u201d. La historia de la Salvaci\u00f3n ocurre en un lugar espec\u00edfico y momento hist\u00f3rico concreto.\u00a0<\/span><\/p>\n<p><span style=\"font-weight: 400;\">Es entender que Jes\u00fas de Nazaret camin\u00f3 como nosotros lo hacemos en Jerusal\u00e9n, sinti\u00f3 la brisa como lo hacemos en el Mar de Galilea&#8230; Y que su coraz\u00f3n nos am\u00f3 tanto al punto de llegar a la cruz, y en la cruz seguir amando. Y que su coraz\u00f3n sigue palpitando por amor.\u00a0 Es literalmente caminar por las Escrituras.\u00a0\u00a0<\/span><\/p>\n<p><span style=\"font-weight: 400;\">Jes\u00fas es jud\u00edo. Pronunci\u00f3 hace 2000 a\u00f1os, entre muchas otras, las palabras que constan en el Evangelio. Por eso entender desde el contexto en que habl\u00f3 -hist\u00f3rico, pol\u00edtico, geogr\u00e1fico, filos\u00f3fico, etc.- hace que se entienda mejor lo que dijo y por qu\u00e9 lo dijo de cierta manera.<\/span><\/p>\n<p><span style=\"font-weight: 400;\">Aqu\u00ed he vivido el que se bendijera el pan en un Shabat y que el anfitri\u00f3n compartiera y fuera haciendo la fracci\u00f3n del pan con todos los presentes. Todos comiendo del mismo pan.\u00a0 Aqu\u00ed he sido invitada a una tienda provisional hecha por una familia en la semana de la fiesta de los tabern\u00e1culos o de las tiendas (Sucot), conmemorando los cuarenta a\u00f1os del pueblo de Israel por el desierto y el precepto de morar en una caba\u00f1a provisional o \u201csuc\u00e1\u201d (singular de \u201csucot\u201d). Pude ver as\u00ed con nueva luz el \u201chagamos tres chozas\u201d de San Pedro en el Evangelio cuando se encuentran en el Monte Tabor.\u00a0<\/span><\/p>\n<div id=\"attachment_249737\" style=\"width: 310px\" class=\"wp-caption alignright\"><img loading=\"lazy\" decoding=\"async\" aria-describedby=\"caption-attachment-249737\" class=\"size-medium wp-image-249737\" src=\"https:\/\/www.saxum.org\/wp-content\/uploads\/2024\/06\/Marian-Lopez1-300x200.jpg\" alt=\"Mari\u00e1n L\u00f3pez en el tour de Saxum\" width=\"300\" height=\"200\" \/><p id=\"caption-attachment-249737\" class=\"wp-caption-text\">Mari\u00e1n L\u00f3pez en el tour de Saxum<\/p><\/div>\n<p><span style=\"font-weight: 400;\">Aqu\u00ed he sido testigo de lo que nos une como humanidad: la apertura, la ternura y el amor. Honestamente sue\u00f1o con volver. Son tambi\u00e9n tantos rostros que me gustar\u00eda volver a ver y que tuve la dicha de conocer: m\u00e1s de 10,000 personas pasaron por <\/span><i><span style=\"font-weight: 400;\">Saxum Visitor Center<\/span><\/i><span style=\"font-weight: 400;\"> en ese a\u00f1o.\u00a0<\/span><\/p>\n<p><strong><i>Saxum<\/i><\/strong><span style=\"font-weight: 400;\"><strong> y Tierra Santa<\/strong> son experiencias de las cuales seguir\u00e9 abriendo sus regalos a lo largo de mi vida.<\/span><\/p>\n","protected":false},"excerpt":{"rendered":"<p>Soy Mari\u00e1n L\u00f3pez, de Monterrey, M\u00e9xico. Recientemente viv\u00ed uno de los mejores regalos de mi vida al ser parte del Programa de Formaci\u00f3n como trainee en Saxum Visitor Center por un a\u00f1o, de agosto 2022 a agosto 2023. Esta experiencia me impact\u00f3 en m\u00e1s de una forma: hablando concretamente de Saxum Visitor Center, me impresion\u00f3 [&hellip;]<\/p>\n","protected":false},"author":5,"featured_media":249733,"comment_status":"closed","ping_status":"open","sticky":false,"template":"","format":"standard","meta":{"_et_pb_use_builder":"","_et_pb_old_content":"","_et_gb_content_width":"","footnotes":"","_links_to":"","_links_to_target":""},"categories":[250],"tags":[],"class_list":["post-249732","post","type-post","status-publish","format-standard","has-post-thumbnail","hentry","category-ultimas-noticias"],"_links":{"self":[{"href":"https:\/\/www.saxum.org\/es\/wp-json\/wp\/v2\/posts\/249732","targetHints":{"allow":["GET"]}}],"collection":[{"href":"https:\/\/www.saxum.org\/es\/wp-json\/wp\/v2\/posts"}],"about":[{"href":"https:\/\/www.saxum.org\/es\/wp-json\/wp\/v2\/types\/post"}],"author":[{"embeddable":true,"href":"https:\/\/www.saxum.org\/es\/wp-json\/wp\/v2\/users\/5"}],"replies":[{"embeddable":true,"href":"https:\/\/www.saxum.org\/es\/wp-json\/wp\/v2\/comments?post=249732"}],"version-history":[{"count":0,"href":"https:\/\/www.saxum.org\/es\/wp-json\/wp\/v2\/posts\/249732\/revisions"}],"wp:featuredmedia":[{"embeddable":true,"href":"https:\/\/www.saxum.org\/es\/wp-json\/wp\/v2\/media\/249733"}],"wp:attachment":[{"href":"https:\/\/www.saxum.org\/es\/wp-json\/wp\/v2\/media?parent=249732"}],"wp:term":[{"taxonomy":"category","embeddable":true,"href":"https:\/\/www.saxum.org\/es\/wp-json\/wp\/v2\/categories?post=249732"},{"taxonomy":"post_tag","embeddable":true,"href":"https:\/\/www.saxum.org\/es\/wp-json\/wp\/v2\/tags?post=249732"}],"curies":[{"name":"wp","href":"https:\/\/api.w.org\/{rel}","templated":true}]}}