{"id":249716,"date":"2024-06-17T12:40:59","date_gmt":"2024-06-17T12:40:59","guid":{"rendered":"https:\/\/www.saxum.org\/?p=249716"},"modified":"2024-06-20T11:59:37","modified_gmt":"2024-06-20T11:59:37","slug":"la-barca-de-pedro-vuelve-a-navegar","status":"publish","type":"post","link":"https:\/\/www.saxum.org\/es\/la-barca-de-pedro-vuelve-a-navegar\/","title":{"rendered":"La barca de Pedro vuelve a navegar"},"content":{"rendered":"<p><span style=\"font-weight: 400;\">En marzo de 2023 la familia Aponte regal\u00f3 al papa Francisco una reconstrucci\u00f3n fiel de la que pod\u00eda haber sido la barca de Pedro. Desde junio de este a\u00f1o se encuentra expuesta en la entrada de los Museos Vaticanos como s\u00edmbolo de nuestra Iglesia, imagen utilizada por los primeros cristianos y algunos padres de la Iglesia.\u00a0<\/span><\/p>\n<p><span style=\"font-weight: 400;\">A finales de diciembre de 1985, los hermanos Yuval y Moshe Lufan encontraron de modo providencial los restos de una antigua barca enterrada en el lago de Galilea cuando buscaban monedas antiguas enterradas en una zona que temporalmente se encontraba sin agua. Despu\u00e9s de tres a\u00f1os sin llover, las orillas del lago hab\u00edan retrocedido dr\u00e1sticamente y, hurgando en el suelo toparon con la proa de un pecio a pocos cent\u00edmetros bajo la superficie. En ese momento empez\u00f3 a llover y sali\u00f3 un arco iris doble en el cielo y entendieron que esa lluvia era la respuesta de Dios a sus perseverantes oraciones y que le acompa\u00f1aba este regalo.\u00a0<\/span><\/p>\n<p><span style=\"font-weight: 400;\">Despu\u00e9s de informar al la Autoridad de Antig\u00fcedades de Israel, result\u00f3 ser un pecio de la primera mitad del s. I. Con un gran esfuerzo, esta barca fue extra\u00edda, transportada y conservada en el museo <\/span><i><span style=\"font-weight: 400;\">Yigal Allon<\/span><\/i><span style=\"font-weight: 400;\"> en <\/span><i><span style=\"font-weight: 400;\">Ginosar<\/span><\/i><span style=\"font-weight: 400;\">, en la orilla del lago de Galilea, donde hoy se puede contemplar. No se podr\u00e1 probar nunca si esta barca fue la de Pedro o no, lo que s\u00ed sabemos es que es de aquel lugar y de esa \u00e9poca de la historia. La barca encontrada coincide con las descripciones de los escritos antiguos y con un mosaico de la \u00e9poca, encontrado en unas excavaciones en Magdala.<\/span><\/p>\n<p><span style=\"font-weight: 400;\">Despu\u00e9s de un exhaustivo estudio hecho con la colaboraci\u00f3n de expertos de nivel mundial se determinaron sus dimensiones, las maderas con las que fue construida, las t\u00e9cnicas usadas y el plano de formas de la barca, as\u00ed como la edad de las maderas y la \u00e9poca de construcci\u00f3n. Todos los datos confirman un descubrimiento excepcional, era una barca muy probablemente igual a la de Pedro, donde tantas veces predic\u00f3, pesc\u00f3, naveg\u00f3, descans\u00f3 e hizo milagros Jesucristo.<\/span><\/p>\n<div id=\"attachment_249717\" style=\"width: 310px\" class=\"wp-caption aligncenter\"><img loading=\"lazy\" decoding=\"async\" aria-describedby=\"caption-attachment-249717\" class=\"size-medium wp-image-249717\" src=\"https:\/\/www.saxum.org\/wp-content\/uploads\/2024\/06\/Barca-de-Pedro2-300x100.jpg\" alt=\"Barca de Pedro\" width=\"300\" height=\"100\" \/><p id=\"caption-attachment-249717\" class=\"wp-caption-text\">Barca de Pedro<\/p><\/div>\n<p><span style=\"font-weight: 400;\">Entre los a\u00f1os 2019 y 2022, despu\u00e9s de un largo trabajo de documentaci\u00f3n y de colaboraci\u00f3n con Israel a trav\u00e9s del Instituto Diplom\u00e1tico Internacional italiano, se construy\u00f3 en el <\/span><i><span style=\"font-weight: 400;\">Antico Cantiere di Legno Aprea<\/span><\/i><span style=\"font-weight: 400;\"> en Torre Annunziata (N\u00e1poles) siguiendo las t\u00e9cnicas y usando los materiales de la \u00e9poca de Jes\u00fas. Para la construcci\u00f3n se usaron las maderas de encina para la quilla, cuadernas y costillas, esloras, baos, roda de proa y codaste de popa y madera de cedro para el forro de la barca, las mismas maderas que se usaron para construir la embarcaci\u00f3n encontrada en el lago. Tambi\u00e9n se us\u00f3 madera de olivo para algunos componentes del aparejo de la barca.\u00a0<\/span><\/p>\n<p><span style=\"font-weight: 400;\">La barca tiene las siguientes dimensiones: 8,80 m de eslora, 2,50 m de manga y 1,20 m de puntal, pesa 2000 kg y puede transportar a unas 12 personas. Para su propulsi\u00f3n tiene 4 remos y una vela cuadrada de 25 m<\/span><span style=\"font-weight: 400;\">2<\/span><span style=\"font-weight: 400;\">, sostenida por un m\u00e1stil de 8 m de alto. Como timones tiene dos remos a popa. Los cabos y la vela se tejieron con c\u00e1\u00f1amo, como antiguamente. La vela cuadrada con sus partes fue cosida totalmente a mano. Para el dise\u00f1o de la vela y de la cubierta, que no se conservaron en el pecio, se usaron como modelo bajorrelieves y mosaicos de la \u00e9poca. El ancla de piedra es una reproducci\u00f3n de un resto arqueol\u00f3gico encontrado en el lago. La embarcaci\u00f3n fue botada en el mar y se demostr\u00f3 manejable y veloz a pesar de su notable peso.<\/span><\/p>\n<div id=\"attachment_249721\" style=\"width: 277px\" class=\"wp-caption alignleft\"><img loading=\"lazy\" decoding=\"async\" aria-describedby=\"caption-attachment-249721\" class=\"size-medium wp-image-249721\" src=\"https:\/\/www.saxum.org\/wp-content\/uploads\/2024\/06\/Barca-de-Pedro3-267x300.jpg\" alt=\"Barca de Pedro\" width=\"267\" height=\"300\" srcset=\"https:\/\/www.saxum.org\/wp-content\/uploads\/2024\/06\/Barca-de-Pedro3-267x300.jpg 267w, https:\/\/www.saxum.org\/wp-content\/uploads\/2024\/06\/Barca-de-Pedro3-21x24.jpg 21w, https:\/\/www.saxum.org\/wp-content\/uploads\/2024\/06\/Barca-de-Pedro3-32x36.jpg 32w, https:\/\/www.saxum.org\/wp-content\/uploads\/2024\/06\/Barca-de-Pedro3-43x48.jpg 43w, https:\/\/www.saxum.org\/wp-content\/uploads\/2024\/06\/Barca-de-Pedro3.jpg 395w\" sizes=\"(max-width: 267px) 100vw, 267px\" \/><p id=\"caption-attachment-249721\" class=\"wp-caption-text\">Barca de Pedro<\/p><\/div>\n<p><span style=\"font-weight: 400;\">Igual que les pas\u00f3 a los hermanos Lufan cuando rezaron incesantemente para que lloviera, siempre que oramos Dios nos concede gracias inesperadas, como que nos damos cuenta de que dependemos totalmente de Dios \u2013sin \u00c9l no podemos nada, como dec\u00eda san Josemar\u00eda- y adem\u00e1s de la esperada lluvia, encontraron la barca de Pedro y sali\u00f3 el arco iris.<\/span><\/p>\n<p><span style=\"font-weight: 400;\">Don Alfonso S\u00e1nchez de Lamadrid Rey, sacerdote.<\/span><\/p>\n<p><a href=\"https:\/\/www.anticocantieredellegnoaprea.it\/la-barca-di-pietro\" target=\"_blank\" rel=\"noopener\"><span style=\"font-weight: 400;\">https:\/\/www.anticocantieredellegnoaprea.it\/la-barca-di-pietro<\/span><\/a><span style=\"font-weight: 400;\">. En esta web est\u00e1 disponible en italiano el libro donde detalla la construcci\u00f3n y botadura de la barca.\u00a0<\/span><\/p>\n<div id=\"attachment_249725\" style=\"width: 310px\" class=\"wp-caption alignright\"><img loading=\"lazy\" decoding=\"async\" aria-describedby=\"caption-attachment-249725\" class=\"wp-image-249725 size-medium\" src=\"https:\/\/www.saxum.org\/wp-content\/uploads\/2024\/06\/Barca-de-Pedro-300x234.jpg\" alt=\"Barca de Pedro, prueba en el agua\" width=\"300\" height=\"234\" \/><p id=\"caption-attachment-249725\" class=\"wp-caption-text\">Barca de Pedro, prueba en el agua<\/p><\/div>\n","protected":false},"excerpt":{"rendered":"<p>En marzo de 2023 la familia Aponte regal\u00f3 al papa Francisco una reconstrucci\u00f3n fiel de la que pod\u00eda haber sido la barca de Pedro. Desde junio de este a\u00f1o se encuentra expuesta en la entrada de los Museos Vaticanos como s\u00edmbolo de nuestra Iglesia, imagen utilizada por los primeros cristianos y algunos padres de la [&hellip;]<\/p>\n","protected":false},"author":5,"featured_media":249717,"comment_status":"closed","ping_status":"open","sticky":false,"template":"","format":"standard","meta":{"_et_pb_use_builder":"","_et_pb_old_content":"","_et_gb_content_width":"","footnotes":"","_links_to":"","_links_to_target":""},"categories":[250],"tags":[],"class_list":["post-249716","post","type-post","status-publish","format-standard","has-post-thumbnail","hentry","category-ultimas-noticias"],"_links":{"self":[{"href":"https:\/\/www.saxum.org\/es\/wp-json\/wp\/v2\/posts\/249716","targetHints":{"allow":["GET"]}}],"collection":[{"href":"https:\/\/www.saxum.org\/es\/wp-json\/wp\/v2\/posts"}],"about":[{"href":"https:\/\/www.saxum.org\/es\/wp-json\/wp\/v2\/types\/post"}],"author":[{"embeddable":true,"href":"https:\/\/www.saxum.org\/es\/wp-json\/wp\/v2\/users\/5"}],"replies":[{"embeddable":true,"href":"https:\/\/www.saxum.org\/es\/wp-json\/wp\/v2\/comments?post=249716"}],"version-history":[{"count":0,"href":"https:\/\/www.saxum.org\/es\/wp-json\/wp\/v2\/posts\/249716\/revisions"}],"wp:featuredmedia":[{"embeddable":true,"href":"https:\/\/www.saxum.org\/es\/wp-json\/wp\/v2\/media\/249717"}],"wp:attachment":[{"href":"https:\/\/www.saxum.org\/es\/wp-json\/wp\/v2\/media?parent=249716"}],"wp:term":[{"taxonomy":"category","embeddable":true,"href":"https:\/\/www.saxum.org\/es\/wp-json\/wp\/v2\/categories?post=249716"},{"taxonomy":"post_tag","embeddable":true,"href":"https:\/\/www.saxum.org\/es\/wp-json\/wp\/v2\/tags?post=249716"}],"curies":[{"name":"wp","href":"https:\/\/api.w.org\/{rel}","templated":true}]}}