{"id":249190,"date":"2024-03-12T09:18:01","date_gmt":"2024-03-12T09:18:01","guid":{"rendered":"https:\/\/www.saxum.org\/?p=249190"},"modified":"2024-03-14T13:24:12","modified_gmt":"2024-03-14T13:24:12","slug":"aquella-tercera-pascua-en-jerusalen","status":"publish","type":"post","link":"https:\/\/www.saxum.org\/es\/aquella-tercera-pascua-en-jerusalen\/","title":{"rendered":"Aquella tercera Pascua en Jerusal\u00e9n"},"content":{"rendered":"<p><span style=\"font-weight: 400;\">Jes\u00fas celebrar\u00eda, como buen israelita, todos los a\u00f1os la Pascua jud\u00eda (<\/span><i><span style=\"font-weight: 400;\">Pesaj<\/span><\/i><span style=\"font-weight: 400;\">) . Con su padre Jos\u00e9 y con su madre Mar\u00eda los primeros a\u00f1os y m\u00e1s tarde con sus disc\u00edpulos. Jes\u00fas aprendi\u00f3 en Nazaret, de su padre Jos\u00e9, a presidir los ritos de la Pascua. Adem\u00e1s, en aquellas Pascuas de Nazaret, se a\u00f1adir\u00eda alguna familia vecina, dado que la Pascua exig\u00eda consumir todo el cordero en la misma celebraci\u00f3n. Tambi\u00e9n tomaban cuatro copas de vino tinto mezclado con agua: la de la Esclavitud, la del Juicio, la de Bendici\u00f3n y la de Consumaci\u00f3n. Todo ello intercalado con oraciones y salmos tomando el cordero asado, pan \u00e1cimo y verduras amargas.\u00a0<\/span><\/p>\n<p><span style=\"font-weight: 400;\">Las tres \u00faltimas Pascuas de su vida, sin embargo, las celebrar\u00eda con sus disc\u00edpulos y de la \u00faltima sabemos que la celebr\u00f3 con ellos en Jerusal\u00e9n. Parece ser que el actual Cen\u00e1culo era propiedad de Zebedeo, en tiempos de Jes\u00fas, que lo utilizaba para vivir all\u00ed cuando le tocaba servir el turno al Templo, porque los sacerdotes dedicaban una semana al a\u00f1o a su servicio.\u00a0 Luego ten\u00edan otras ocupaciones, como la de pescador en el caso de Zebedeo. Hay que recordar que la tribu de Lev\u00ed no tuvo terreno para cultivar, su herencia era servir en el templo.<\/span><\/p>\n<p><span style=\"font-weight: 400;\">Aquella Pascua, la \u00faltima con sus disc\u00edpulos, fue muy especial y los ap\u00f3stoles as\u00ed nos lo transmitieron. Comenz\u00f3 con una alabanza de la gente sencilla a su Maestro, que entr\u00f3 en Jerusal\u00e9n montado en un borrico, con la multitud tendiendo sus mantos y agitando palmas a la vez que le aclamaban como Mes\u00edas.<\/span><\/p>\n<p><span style=\"font-weight: 400;\">La casa donde celebraron la Pascua estaba situada en lo alto de la colina llamada Sion. Jes\u00fas y sus disc\u00edpulos celebraron la Pascua en la planta superior mientras que en la planta baja estaban Mar\u00eda y aquellas mujeres que le segu\u00edan. Comenz\u00f3 la celebraci\u00f3n y Jes\u00fas, pasada la segunda copa, empez\u00f3 a comunicarles unas cosas muy \u00edntimas que no entend\u00edan bien.\u00a0 En un momento dado y despu\u00e9s de haberles dado el pan, les dio la tercera copa pronunciando unas palabras que jam\u00e1s le hab\u00edan o\u00eddo decir: \u201cTomad y bebed todos de \u00c9l, porque este es el c\u00e1liz de mi Sangre, Sangre de la Alianza nueva y eterna, que ser\u00e1 derramada por vosotros y por muchos para el perd\u00f3n de los pecados\u201d. Y a continuaci\u00f3n levant\u00e1ndose sali\u00f3 hacia el torrente Cedr\u00f3n para llegar al huerto de los Olivos y orar. Era de noche y los ap\u00f3stoles estaban perplejos y cansados, por lo que se durmieron a pesar de la petici\u00f3n del Maestro para velar y orar. Ellos sab\u00edan que no hab\u00edan tomado la cuarta copa, por lo que la celebraci\u00f3n de la Pascua no hab\u00eda sido completada.\u00a0<\/span><\/p>\n<div id=\"attachment_249191\" style=\"width: 310px\" class=\"wp-caption alignleft\"><img loading=\"lazy\" decoding=\"async\" aria-describedby=\"caption-attachment-249191\" class=\"wp-image-249191 size-medium\" title=\"Cen\u00e1culo de Jerusal\u00e9, la \u00daltima Cena\" src=\"https:\/\/www.saxum.org\/wp-content\/uploads\/2024\/03\/Cenacle-Last-Supper-Room-300x200.jpg\" alt=\"El Cen\u00e1culo en Jerusal\u00e9n\" width=\"300\" height=\"200\" \/><p id=\"caption-attachment-249191\" class=\"wp-caption-text\">El Cen\u00e1culo en Jerusal\u00e9n<\/p><\/div>\n<p><span style=\"font-weight: 400;\">Aquella noche pasaron muchas cosas y muy r\u00e1pidas, aunque para el Maestro fueron muy largas y dolorosas. Jes\u00fas fue abandonado de sus amigos y conducido a la casa de Caif\u00e1s donde, al llegar el canto del gallo, su mirada se encontr\u00f3 con la de Pedro que le hab\u00eda negado tres veces. Luego fue llevado a presencia de Poncio Pilatos. All\u00ed fue azotado y cubierto de espinas para, a continuaci\u00f3n, ser cargado con una cruz y conducido a un mont\u00edculo de una cantera, fuera de la ciudad, donde fue crucificado.<\/span><\/p>\n<p><span style=\"font-weight: 400;\">Una vez en la cruz le ofrecieron una mezcla de mirra y agua para disminuir el dolor de la crucifixi\u00f3n, pero Jes\u00fas no la prob\u00f3. Sin embargo, cuando ya estaba a punto de expirar dijo: \u201cTengo sed\u201d y ofreci\u00e9ndole una esponja mojada en vinagre la tom\u00f3 y bebi\u00f3. A continuaci\u00f3n, dijo \u201ctodo est\u00e1 consumado\u201d e inclinando la cabeza expir\u00f3.\u00a0<\/span><\/p>\n<p><span style=\"font-weight: 400;\">La Pascua se hab\u00eda cumplido y dentro de ella se englobaron todos los acontecimientos novedosos que el Maestro quer\u00eda grabar a fuego en el coraz\u00f3n de sus disc\u00edpulos: el sacrificio de la Misa, tomando como centro la Eucarist\u00eda y el nuevo sacerdocio. Adem\u00e1s, en aquella larga Pascua les mostr\u00f3 su misi\u00f3n, no como un servicio cualquiera sino como el que ofrec\u00edan los esclavos a sus amos, lav\u00e1ndoles los pies. Y sobre todo les dijo unas palabras desconcertantes: \u201cYa no os llamo siervos sino amigos\u201d, no les llam\u00f3 disc\u00edpulos, sino amigos. Amistad para compartir lo m\u00e1s \u00edntimo, aquello que supera la esfera de la voluntad y pasa al amor personal. Les invit\u00f3 a compartir su Misterio Trinitario en su intimidad personal. Ahora s\u00ed que pod\u00edan comprender y amar en toda su amplitud lo que \u00c9l hab\u00eda intentado compartir con ellos los tres \u00faltimos a\u00f1os y no pudo.\u00a0<\/span><\/p>\n<p><span style=\"font-weight: 400;\">A toda esta cantidad de gracia y de plenitud respondieron un\u00e1nimemente huyendo. No fueron capaces de aceptar su amistad. Tampoco fueron capaces de expulsar al demonio en aquella ocasi\u00f3n en la que el padre present\u00f3 a su hijo a los disc\u00edpulos. (Mt 17, 19). As\u00ed qued\u00f3 patente e innegable la fragilidad y peque\u00f1ez de su conocimiento, de su fe y de su amor.<\/span><\/p>\n<div id=\"attachment_249195\" style=\"width: 310px\" class=\"wp-caption alignright\"><img loading=\"lazy\" decoding=\"async\" aria-describedby=\"caption-attachment-249195\" class=\"wp-image-249195 size-medium\" title=\"Santa Cena con Jes\u00fas\" src=\"https:\/\/www.saxum.org\/wp-content\/uploads\/2024\/03\/Santa-Cena-300x200.jpg\" alt=\"La \u00daltima Cena con Jes\u00fas\" width=\"300\" height=\"200\" \/><p id=\"caption-attachment-249195\" class=\"wp-caption-text\">La \u00daltima Cena con Jes\u00fas<\/p><\/div>\n<p><span style=\"font-weight: 400;\">Pasados los a\u00f1os, cu\u00e1nto agradecer\u00eda san Pedro aquella noche en que neg\u00f3 a Jes\u00fas y \u00c9l mir\u00e1ndole a los ojos le perdon\u00f3. Tambi\u00e9n a san Juan le qued\u00f3 claro su poca fe, porque no crey\u00f3 hasta que entr\u00f3 al sepulcro y entonces, s\u00f3lo entonces \u201cvio y crey\u00f3\u201d (Jn 20, 1-19). Qu\u00e9 lecci\u00f3n m\u00e1s extraordinaria para que ellos jam\u00e1s confiaran en sus conocimientos, ni en su \u201cestatus\u201d,\u00a0 sino s\u00f3lo en el Esp\u00edritu Santo.<\/span><\/p>\n<p><span style=\"font-weight: 400;\">En lo m\u00e1s profundo de su coraz\u00f3n se produjo un milagro: su conversi\u00f3n al encontrarse con el verdadero rostro de Jes\u00fas. Jes\u00fas era una persona que, siendo Dios, les aceptaba como hombres redimidos.\u00a0<\/span><span style=\"font-weight: 400;\">Desde entonces, Jerusal\u00e9n tiene un color especial.<\/span><\/p>\n<p><span style=\"font-weight: 400;\">Por Domingo Aguilera<\/span><\/p>\n","protected":false},"excerpt":{"rendered":"<p>Jes\u00fas celebrar\u00eda, como buen israelita, todos los a\u00f1os la Pascua jud\u00eda (Pesaj) . Con su padre Jos\u00e9 y con su madre Mar\u00eda los primeros a\u00f1os y m\u00e1s tarde con sus disc\u00edpulos. Jes\u00fas aprendi\u00f3 en Nazaret, de su padre Jos\u00e9, a presidir los ritos de la Pascua. Adem\u00e1s, en aquellas Pascuas de Nazaret, se a\u00f1adir\u00eda alguna [&hellip;]<\/p>\n","protected":false},"author":5,"featured_media":249195,"comment_status":"closed","ping_status":"open","sticky":false,"template":"","format":"standard","meta":{"_et_pb_use_builder":"","_et_pb_old_content":"","_et_gb_content_width":"","footnotes":"","_links_to":"","_links_to_target":""},"categories":[250],"tags":[],"class_list":["post-249190","post","type-post","status-publish","format-standard","has-post-thumbnail","hentry","category-ultimas-noticias"],"_links":{"self":[{"href":"https:\/\/www.saxum.org\/es\/wp-json\/wp\/v2\/posts\/249190","targetHints":{"allow":["GET"]}}],"collection":[{"href":"https:\/\/www.saxum.org\/es\/wp-json\/wp\/v2\/posts"}],"about":[{"href":"https:\/\/www.saxum.org\/es\/wp-json\/wp\/v2\/types\/post"}],"author":[{"embeddable":true,"href":"https:\/\/www.saxum.org\/es\/wp-json\/wp\/v2\/users\/5"}],"replies":[{"embeddable":true,"href":"https:\/\/www.saxum.org\/es\/wp-json\/wp\/v2\/comments?post=249190"}],"version-history":[{"count":0,"href":"https:\/\/www.saxum.org\/es\/wp-json\/wp\/v2\/posts\/249190\/revisions"}],"wp:featuredmedia":[{"embeddable":true,"href":"https:\/\/www.saxum.org\/es\/wp-json\/wp\/v2\/media\/249195"}],"wp:attachment":[{"href":"https:\/\/www.saxum.org\/es\/wp-json\/wp\/v2\/media?parent=249190"}],"wp:term":[{"taxonomy":"category","embeddable":true,"href":"https:\/\/www.saxum.org\/es\/wp-json\/wp\/v2\/categories?post=249190"},{"taxonomy":"post_tag","embeddable":true,"href":"https:\/\/www.saxum.org\/es\/wp-json\/wp\/v2\/tags?post=249190"}],"curies":[{"name":"wp","href":"https:\/\/api.w.org\/{rel}","templated":true}]}}