{"id":248190,"date":"2023-11-20T14:09:47","date_gmt":"2023-11-20T14:09:47","guid":{"rendered":"https:\/\/www.saxum.org\/?p=248190"},"modified":"2023-11-22T10:58:17","modified_gmt":"2023-11-22T10:58:17","slug":"destrezas-de-un-pescador-de-galilea","status":"publish","type":"post","link":"https:\/\/www.saxum.org\/es\/destrezas-de-un-pescador-de-galilea\/","title":{"rendered":"Destrezas de un pescador de Galilea"},"content":{"rendered":"<p>[et_pb_section fb_built=&#8221;1&#8243; _builder_version=&#8221;4.16&#8243; global_colors_info=&#8221;{}&#8221;][et_pb_row _builder_version=&#8221;4.23&#8243; background_color=&#8221;#FFFFFF&#8221; background_size=&#8221;initial&#8221; background_position=&#8221;top_left&#8221; background_repeat=&#8221;repeat&#8221; global_colors_info=&#8221;{}&#8221;][et_pb_column type=&#8221;4_4&#8243; _builder_version=&#8221;4.16&#8243; custom_padding=&#8221;|||&#8221; global_colors_info=&#8221;{}&#8221; custom_padding__hover=&#8221;|||&#8221;][et_pb_text _builder_version=&#8221;4.23.1&#8243; background_size=&#8221;initial&#8221; background_position=&#8221;top_left&#8221; background_repeat=&#8221;repeat&#8221; hover_enabled=&#8221;0&#8243; global_colors_info=&#8221;{}&#8221; sticky_enabled=&#8221;0&#8243;]<\/p>\n<p>&nbsp;<\/p>\n<div id=\"attachment_248092\" style=\"width: 179px\" class=\"wp-caption alignleft\"><img loading=\"lazy\" decoding=\"async\" aria-describedby=\"caption-attachment-248092\" class=\"size-medium wp-image-248092\" title=\"Mar de Galilea\" src=\"https:\/\/www.saxum.org\/wp-content\/uploads\/2023\/11\/002-169x300.jpeg\" alt=\"Mar de Galilea\" width=\"169\" height=\"300\" \/><p id=\"caption-attachment-248092\" class=\"wp-caption-text\">Mar de Galilea<\/p><\/div>\n<p><span style=\"font-weight: 400;\">Andr\u00e9s, hermano de Sim\u00f3n, era de Betsaida y viv\u00eda en Cafarna\u00fan, pueblo de la ribera del Mar de Galilea y era, como \u00e9l, pescador. Despu\u00e9s de la primera pesca milagrosa escuch\u00f3 junto con los otros tres disc\u00edpulos pescadores la llamada de Jes\u00fas, y \u201c<\/span><b><i>dej\u00e1ndolo todo, lo siguieron<\/i><\/b><span style=\"font-weight: 400;\">\u201d (Lc 5, 11). Pero no hab\u00eda sido \u00e9ste su primer encuentro con Jes\u00fas. Un tiempo antes, mientras era disc\u00edpulo de s. Juan Bautista en el r\u00edo Jord\u00e1n, en Judea, junto con otro disc\u00edpulo del que no conocemos el nombre, despu\u00e9s de escuchar de su boca que Jes\u00fas era el Cordero de Dios, pasaron el d\u00eda con \u00e9l. Su generosidad primera, dejando su casa un tiempo y ayudando a Juan, facilit\u00f3 su pronta respuesta a Jes\u00fas. Fue el primer disc\u00edpulo llamado por Jes\u00fas y llev\u00f3 a su hermano Sim\u00f3n junto al Se\u00f1or ya que le dijo claramente \u201c<\/span><b><i>hemos hallado al Mes\u00edas, que quiere decir el Cristo, y lo condujo a Jes\u00fas<\/i><\/b><span style=\"font-weight: 400;\">&#8221; (Jn 1, 40-43). S. Mateo y s. Marcos presentan una versi\u00f3n diferente, la llamada al mismo tiempo de los dos hermanos: &#8220;<\/span><b><i>Mientras caminaba a orillas del mar de Galilea, Jes\u00fas vio a dos hermanos: a Sim\u00f3n, llamado Pedro, y a su hermano Andr\u00e9s, que echaban las redes al mar, porque eran pescadores. Entonces les dijo:&#8221;Seguidme, y os har\u00e9 pescadores de hombres<\/i><\/b><span style=\"font-weight: 400;\">&#8221; (Mt 4, 18-19; Mc 1, 16-17). Tambi\u00e9n nos narra el Evangelio que junto a Felipe present\u00f3 a varios griegos que quer\u00edan \u201c<\/span><b><i>ver a Jes\u00fas<\/i><\/b><span style=\"font-weight: 400;\">\u201d (Jn 12, 20-28). Vemos por tanto que era un disc\u00edpulo <\/span><i><span style=\"font-weight: 400;\">generoso<\/span><\/i><span style=\"font-weight: 400;\">, que daba su tiempo magn\u00e1nimamente ayudando a s. Juan Bautista; <\/span><i><span style=\"font-weight: 400;\">proclive a la fe<\/span><\/i><span style=\"font-weight: 400;\">, ya que llama Mes\u00edas a Jes\u00fas al poco de conocerlo, <\/span><i><span style=\"font-weight: 400;\">apost\u00f3lico<\/span><\/i><span style=\"font-weight: 400;\"> pues lleva a Pedro, al ni\u00f1o, c\u00f3mo ahora veremos, y a los griegos a Jes\u00fas y por \u00faltimo <\/span><i><span style=\"font-weight: 400;\">pronto a entregar su vida<\/span><\/i><span style=\"font-weight: 400;\"> totalmente a Jes\u00fas.\u00a0<\/span><\/p>\n<p><span style=\"font-weight: 400;\">Aunque hab\u00eda estado presente en muchos milagros, hay uno en el que su contribuci\u00f3n es fundamental, la <\/span><i><span style=\"font-weight: 400;\">multiplicaci\u00f3n de los panes y de los peces<\/span><\/i><span style=\"font-weight: 400;\">. Aunque el milagro es el \u00fanico relatado en los cuatro Evangelios, es el de s. Juan el \u00fanico que identifica a\u00a0 Andr\u00e9s como el disc\u00edpulo que consigue los panes y peces con los que se hace el milagro. \u201c<\/span><b><i>Uno de sus disc\u00edpulos, Andr\u00e9s, el hermano de Sim\u00f3n Pedro, le dice: \u00abAqu\u00ed hay un muchacho que tiene cinco panes de cebada y dos peces; pero \u00bfqu\u00e9 es eso para tantos?<\/i><\/b><span style=\"font-weight: 400;\">\u00bb\u201d (Jn 6, 1-15). Aqu\u00ed se ve la <\/span><i><span style=\"font-weight: 400;\">capacidad de convicci\u00f3n<\/span><\/i><span style=\"font-weight: 400;\"> de Andr\u00e9s, pues consigue que el ni\u00f1o d\u00e9 los alimentos a Jes\u00fas y su <\/span><i><span style=\"font-weight: 400;\">realismo<\/span><\/i><span style=\"font-weight: 400;\">, al darse cuenta de que no bastan los recursos humanos para dar de comer a una multitud de m\u00e1s de 5000 personas con esa peque\u00f1a cantidad de alimento. El hecho de que sea el evangelista Juan el que dice el nombre de Andr\u00e9s en varias ocasiones, nos inclina a pensar que el disc\u00edpulo an\u00f3nimo de s. Juan Bautista, era el mismo evangelista, al que seguramente les un\u00eda amistad al vivir en el mismo pueblo y dedicarse a la misma ocupaci\u00f3n.<\/span><\/p>\n<div id=\"attachment_248179\" style=\"width: 310px\" class=\"wp-caption alignright\"><img loading=\"lazy\" decoding=\"async\" aria-describedby=\"caption-attachment-248179\" class=\"size-medium wp-image-248179\" title=\"La Llamada, altar en el Hotel Magdala\" src=\"https:\/\/www.saxum.org\/wp-content\/uploads\/2023\/11\/San-Pedro-y-San-Pablo-300x284.jpg\" alt=\"La Llamada, altar en el Hotel Magdala\" width=\"300\" height=\"284\" \/><p id=\"caption-attachment-248179\" class=\"wp-caption-text\">La Llamada, altar en el Hotel Magdala<\/p><\/div>\n<p><span style=\"font-weight: 400;\">Volviendo al relato de Juan, \u00e9ste recoge las palabras de Andr\u00e9s que especifican que se trataban de panes de cebada, aunque no dice la especie de pez entregada a Jes\u00fas. \u00c9sta se puede deducir del texto original, si usamos el texto griego de la narraci\u00f3n de Juan. \u00c9l usa la palabra <\/span><i><span style=\"font-weight: 400;\">opsaria <\/span><\/i><span style=\"font-weight: 400;\">(Juan 6,9, del original en griego, peces peque\u00f1os), en vez de <\/span><i><span style=\"font-weight: 400;\">ichthyes<\/span><\/i><span style=\"font-weight: 400;\"> (peces) que usan los otros evangelios. Esta palabra procede de <\/span><i><span style=\"font-weight: 400;\">optos<\/span><\/i><span style=\"font-weight: 400;\"> que significa condimento para alimentos y se usa especialmente para el pescado salado y seco (Diccionario Strong, 2007). De las especies de peces del lago de Galilea, solo una es de peque\u00f1o tama\u00f1o en estado adulto, la sardina del lago, <\/span><i><span style=\"font-weight: 400;\">Mirogrex terraesanctae <\/span><\/i><span style=\"font-weight: 400;\">(Num, 1989). Se trata de un pez pel\u00e1gico que vive cerca de la superficie del agua del lago en grandes bancos y tiene unos 14 cm. de longitud media (<\/span><i><span style=\"font-weight: 400;\">fishbase.org<\/span><\/i><span style=\"font-weight: 400;\">). Es una especie aut\u00f3ctona y end\u00e9mica del lago, como expresa la palabra <\/span><i><span style=\"font-weight: 400;\">terraesanctae<\/span><\/i><span style=\"font-weight: 400;\"> que traducida del lat\u00edn significa \u2018de tierra santa\u2019, que s\u00f3lo vive en el pa\u00eds santificado por Jes\u00fas. Adem\u00e1s de este motivo, est\u00e1 documentado el uso de esta especie salada como alimento habitual de la poblaci\u00f3n, pues al pescarse estacionalmente y en grandes cantidades, la sardina se salaba (Num, 1989). Adem\u00e1s, existen restos arqueol\u00f3gicos de la industria de salaz\u00f3n en Magdala, ciudad de la orilla del lago de Galilea, pues tiene un r\u00edo salino (Gonz\u00e1lez Echegaray, 2000). Por \u00faltimo, en la pr\u00e1ctica ser\u00eda casi imposible alimentar con peces frescos a tan gran n\u00famero de gente, pues no se podr\u00eda hacer en un lugar descampado como el descrito por los evangelios un gran n\u00famero de fogatas para asar tantos peces.\u00a0<\/span><\/p>\n<div id=\"attachment_248096\" style=\"width: 310px\" class=\"wp-caption alignleft\"><img loading=\"lazy\" decoding=\"async\" aria-describedby=\"caption-attachment-248096\" class=\"size-medium wp-image-248096\" title=\"Iglesia Duc in Altum, Magdala\" src=\"https:\/\/www.saxum.org\/wp-content\/uploads\/2023\/11\/004-300x225.jpeg\" alt=\"Iglesia Duc in Altum, Magdala\" width=\"300\" height=\"225\" \/><p id=\"caption-attachment-248096\" class=\"wp-caption-text\">Iglesia Duc in Altum, Magdala<\/p><\/div>\n<p><span style=\"font-weight: 400;\">En contra de su hermano Sim\u00f3n, de Andr\u00e9s, seg\u00fan los Evangelios, s\u00f3lo se pueden decir cosas positivas, sigui\u00f3 a Jes\u00fas con prontitud, habl\u00f3 con entusiasmo de \u00c9l, ten\u00eda capacidad de convicci\u00f3n, generoso, atento a los detalles y cultiv\u00f3 con Jes\u00fas \u201cuna relaci\u00f3n de aut\u00e9ntica familiaridad, conscientes de que s\u00f3lo en \u00e9l podemos encontrar el sentido \u00faltimo de nuestra vida y muerte\u201d (Benedicto XVI, Audiencia 14.VI.2006). Sin embargo, su hermano Sim\u00f3n Pedro fue el primer Papa, designado directamente por Jes\u00fas, a pesar de sus errores y pecados, siempre supo reconocerlos y decir \u201c<\/span><b><i>Se\u00f1or, t\u00fa lo sabes todo, t\u00fa sabes que te amo<\/i><\/b><span style=\"font-weight: 400;\">\u201d(Jn 21,17).<\/span><\/p>\n<p><span style=\"font-weight: 400;\">Por padre don Alfonso S\u00e1nchez de Lamadrid Rey<\/span><\/p>\n<p>&nbsp;<\/p>\n<p>[\/et_pb_text][\/et_pb_column][\/et_pb_row][\/et_pb_section]<\/p>\n","protected":false},"excerpt":{"rendered":"<p>&nbsp; Andr\u00e9s, hermano de Sim\u00f3n, era de Betsaida y viv\u00eda en Cafarna\u00fan, pueblo de la ribera del Mar de Galilea y era, como \u00e9l, pescador. Despu\u00e9s de la primera pesca milagrosa escuch\u00f3 junto con los otros tres disc\u00edpulos pescadores la llamada de Jes\u00fas, y \u201cdej\u00e1ndolo todo, lo siguieron\u201d (Lc 5, 11). Pero no hab\u00eda sido [&hellip;]<\/p>\n","protected":false},"author":5,"featured_media":248096,"comment_status":"closed","ping_status":"open","sticky":false,"template":"","format":"standard","meta":{"_et_pb_use_builder":"on","_et_pb_old_content":"<p>\u00a0<\/p>[caption id=\"attachment_248092\" align=\"alignleft\" width=\"169\"]<img class=\"size-medium wp-image-248092\" title=\"Mar de Galilea\" src=\"https:\/\/www.saxum.org\/wp-content\/uploads\/2023\/11\/002-169x300.jpeg\" alt=\"Mar de Galilea\" width=\"169\" height=\"300\" \/> Mar de Galilea[\/caption]<p><span style=\"font-weight: 400;\">Andr\u00e9s, hermano de Sim\u00f3n, era de Betsaida y viv\u00eda en Cafarna\u00fan, pueblo de la ribera del Mar de Galilea y como \u00e9l, pescador. Despu\u00e9s de la primera pesca milagrosa escuch\u00f3 junto con los otros tres disc\u00edpulos pescadores la llamada de Jes\u00fas, y \u201c<\/span><b><i>dej\u00e1ndolo todo, lo siguieron<\/i><\/b><span style=\"font-weight: 400;\">\u201d (Lc 5, 11). Pero no hab\u00eda sido \u00e9ste su primer encuentro con Jes\u00fas. Un tiempo antes, mientras era disc\u00edpulo de s. Juan Bautista en el r\u00edo Jord\u00e1n, en Judea, junto con otro disc\u00edpulo del que no conocemos el nombre, despu\u00e9s de escuchar de su boca que Jes\u00fas era el Cordero de Dios, pasaron el d\u00eda con \u00e9l. Su generosidad primera, dejando su casa un tiempo y ayudando a Juan, facilit\u00f3 su pronta respuesta a Jes\u00fas. Fu\u00e9 el primer disc\u00edpulo llamado por Jes\u00fas y llev\u00f3 a su hermano Sim\u00f3n junto al Se\u00f1or ya que le dijo claramente \u201c<\/span><b><i>hemos hallado al Mes\u00edas, que quiere decir el Cristo, y lo condujo a Jes\u00fas<\/i><\/b><span style=\"font-weight: 400;\">\" (Jn 1, 40-43). S. Mateo y s. Marcos presentan una versi\u00f3n diferente, la llamada al mismo tiempo de los dos hermanos: \"<\/span><b><i>Mientras caminaba a orillas del mar de Galilea, Jes\u00fas vio a dos hermanos: a Sim\u00f3n, llamado Pedro, y a su hermano Andr\u00e9s, que echaban las redes al mar, porque eran pescadores. Entonces les dijo:\"Seguidme, y os har\u00e9 pescadores de hombres<\/i><\/b><span style=\"font-weight: 400;\">\" (Mt 4, 18-19; Mc 1, 16-17). Tambi\u00e9n nos narra el Evangelio que junto a Felipe present\u00f3 a varios griegos que quer\u00edan \u201c<\/span><b><i>ver a Jes\u00fas<\/i><\/b><span style=\"font-weight: 400;\">\u201d (Jn 12, 20-28). Vemos por tanto que era un disc\u00edpulo <\/span><i><span style=\"font-weight: 400;\">generoso<\/span><\/i><span style=\"font-weight: 400;\">, que daba su tiempo magn\u00e1nimamente ayudando a s. Juan Bautista; <\/span><i><span style=\"font-weight: 400;\">proclive a la fe<\/span><\/i><span style=\"font-weight: 400;\">, ya que llama Mes\u00edas a Jes\u00fas al poco de conocerlo, <\/span><i><span style=\"font-weight: 400;\">apost\u00f3lico<\/span><\/i><span style=\"font-weight: 400;\"> pues lleva a Pedro, al ni\u00f1o, c\u00f3mo ahora veremos, y a los griegos a Jes\u00fas y por \u00faltimo <\/span><i><span style=\"font-weight: 400;\">pronto a entregar su vida<\/span><\/i><span style=\"font-weight: 400;\"> totalmente a Jes\u00fas.\u00a0<\/span><\/p><p><span style=\"font-weight: 400;\">Aunque hab\u00eda estado presente en muchos milagros, hay uno en el que su contribuci\u00f3n es fundamental, la <\/span><i><span style=\"font-weight: 400;\">multiplicaci\u00f3n de los panes y de los peces<\/span><\/i><span style=\"font-weight: 400;\">. Aunque el milagro es el \u00fanico relatado en los cuatro Evangelios, es el de s. Juan el \u00fanico que identifica a\u00a0 Andr\u00e9s como el disc\u00edpulo que consigue los panes y peces con los que se hace el milagro. \u201c<\/span><b><i>Uno de sus disc\u00edpulos, Andr\u00e9s, el hermano de Sim\u00f3n Pedro, le dice: \u00abAqu\u00ed hay un muchacho que tiene cinco panes de cebada y dos peces; pero \u00bfqu\u00e9 es eso para tantos?<\/i><\/b><span style=\"font-weight: 400;\">\u00bb\u201d (Jn 6, 1-15). Aqu\u00ed se ve la <\/span><i><span style=\"font-weight: 400;\">capacidad de convicci\u00f3n<\/span><\/i><span style=\"font-weight: 400;\"> de Andr\u00e9s, pues consigue que el ni\u00f1o d\u00e9 los alimentos a Jes\u00fas y su <\/span><i><span style=\"font-weight: 400;\">realismo<\/span><\/i><span style=\"font-weight: 400;\">, al darse cuenta de que no bastan los recursos humanos para dar de comer a una multitud de m\u00e1s de 5000 personas con esa peque\u00f1a cantidad de alimento. El hecho de que sea evangelista Juan el que dice el nombre de Andr\u00e9s en varias ocasiones, nos inclina a pensar que el disc\u00edpulo an\u00f3nimo de s. Juan Bautista, era el mismo evangelista, al que seguramente les un\u00eda amistad al vivir en el mismo pueblo y dedicarse a la misma ocupaci\u00f3n.<\/span><\/p>[caption id=\"attachment_248179\" align=\"alignright\" width=\"300\"]<img class=\"size-medium wp-image-248179\" title=\"La Llamada, altar en el Hotel Magdala\" src=\"https:\/\/www.saxum.org\/wp-content\/uploads\/2023\/11\/San-Pedro-y-San-Pablo-300x284.jpg\" alt=\"La Llamada, altar en el Hotel Magdala\" width=\"300\" height=\"284\" \/> La Llamada, altar en el Hotel Magdala[\/caption]<p><span style=\"font-weight: 400;\">Volviendo al relato de Juan, \u00e9ste recoge las palabras de Andr\u00e9s que especifican que se trataban de panes de cebada, aunque no dice la especie de pez entregada a Jes\u00fas. \u00c9sta se puede deducir del texto original, si usamos el texto griego de la narraci\u00f3n de Juan. \u00c9l usa la palabra <\/span><i><span style=\"font-weight: 400;\">opsaria <\/span><\/i><span style=\"font-weight: 400;\">(Juan 6,9, del original en griego, peces peque\u00f1os), en vez de <\/span><i><span style=\"font-weight: 400;\">ichthyes<\/span><\/i><span style=\"font-weight: 400;\"> (peces) que usan los otros evangelios. Esta palabra procede de <\/span><i><span style=\"font-weight: 400;\">optos<\/span><\/i><span style=\"font-weight: 400;\"> que significa condimento para alimentos y se usa especialmente para el pescado salado y seco (Diccionario Strong, 2007). De las especies de peces del lago de Galilea, solo una es de peque\u00f1o tama\u00f1o en estado adulto, la sardina del lago, <\/span><i><span style=\"font-weight: 400;\">Mirogrex terraesanctae <\/span><\/i><span style=\"font-weight: 400;\">(Num, 1989). Se trata de un pez pel\u00e1gico que vive cerca de la superficie del agua del lago en grandes bancos y tiene unos 14 cm. de longitud media (<\/span><i><span style=\"font-weight: 400;\">fishbase.org<\/span><\/i><span style=\"font-weight: 400;\">). Es una especie aut\u00f3ctona y end\u00e9mica del lago, como expresa la palabra <\/span><i><span style=\"font-weight: 400;\">terraesanctae<\/span><\/i><span style=\"font-weight: 400;\"> que traducida del lat\u00edn significa \u2018de tierra santa\u2019, que s\u00f3lo vive en el pa\u00eds santificado por Jes\u00fas. Adem\u00e1s de este motivo, est\u00e1 documentado el uso de esta especie salada como alimento habitual de la poblaci\u00f3n, pues al pescarse estacionalmente y en grandes cantidades, la sardina se salaba (Num, 1989). Adem\u00e1s, existen restos arqueol\u00f3gicos de la industria de salaz\u00f3n en Magdala, ciudad de la orilla del lago de Galilea, pues tiene un r\u00edo salino (Gonz\u00e1lez Echegaray, 2000). Por \u00faltimo, en la pr\u00e1ctica ser\u00eda casi imposible alimentar con peces frescos a tan gran n\u00famero de gente, pues no se podr\u00eda hacer en un lugar descampado como el descrito por los evangelios un gran n\u00famero de fogatas para asar tantos peces.\u00a0<\/span><\/p>[caption id=\"attachment_248096\" align=\"alignleft\" width=\"300\"]<img class=\"size-medium wp-image-248096\" title=\"Iglesia Duc in Altum, Magdala\" src=\"https:\/\/www.saxum.org\/wp-content\/uploads\/2023\/11\/004-300x225.jpeg\" alt=\"Iglesia Duc in Altum, Magdala\" width=\"300\" height=\"225\" \/> Iglesia Duc in Altum, Magdala[\/caption]<p><span style=\"font-weight: 400;\">En contra de su hermano Sim\u00f3n, de Andr\u00e9s, seg\u00fan los Evangelios, s\u00f3lo se pueden decir cosas positivas, pues sigui\u00f3 a Jes\u00fas con prontitud, habl\u00f3 con entusiasmo de \u00c9l, ten\u00eda capacidad de convicci\u00f3n, era generoso, atento a los detalles y cultiv\u00f3 con Jes\u00fas \u201cuna relaci\u00f3n de aut\u00e9ntica familiaridad, conscientes de que s\u00f3lo en \u00e9l podemos encontrar el sentido \u00faltimo de nuestra vida y de nuestra muerte\u201d (Benedicto XVI, Audiencia 14.VI.2006). Sin embargo, su hermano Sim\u00f3n Pedro fue el primer Papa, designado directamente por Jes\u00fas, pues a pesar de sus errores y pecados, siempre supo reconocerlos y decir \u201c<\/span><b><i>Se\u00f1or, t\u00fa lo sabes todo, t\u00fa sabes que te amo<\/i><\/b><span style=\"font-weight: 400;\">\u201d (Jn 21, 17).<\/span><\/p><p><span style=\"font-weight: 400;\">Padre don Alfonso S\u00e1nchez de Lamadrid Rey<\/span><\/p><p><br \/><br \/><\/p>","_et_gb_content_width":"","footnotes":"","_links_to":"","_links_to_target":""},"categories":[250],"tags":[],"class_list":["post-248190","post","type-post","status-publish","format-standard","has-post-thumbnail","hentry","category-ultimas-noticias"],"_links":{"self":[{"href":"https:\/\/www.saxum.org\/es\/wp-json\/wp\/v2\/posts\/248190","targetHints":{"allow":["GET"]}}],"collection":[{"href":"https:\/\/www.saxum.org\/es\/wp-json\/wp\/v2\/posts"}],"about":[{"href":"https:\/\/www.saxum.org\/es\/wp-json\/wp\/v2\/types\/post"}],"author":[{"embeddable":true,"href":"https:\/\/www.saxum.org\/es\/wp-json\/wp\/v2\/users\/5"}],"replies":[{"embeddable":true,"href":"https:\/\/www.saxum.org\/es\/wp-json\/wp\/v2\/comments?post=248190"}],"version-history":[{"count":0,"href":"https:\/\/www.saxum.org\/es\/wp-json\/wp\/v2\/posts\/248190\/revisions"}],"wp:featuredmedia":[{"embeddable":true,"href":"https:\/\/www.saxum.org\/es\/wp-json\/wp\/v2\/media\/248096"}],"wp:attachment":[{"href":"https:\/\/www.saxum.org\/es\/wp-json\/wp\/v2\/media?parent=248190"}],"wp:term":[{"taxonomy":"category","embeddable":true,"href":"https:\/\/www.saxum.org\/es\/wp-json\/wp\/v2\/categories?post=248190"},{"taxonomy":"post_tag","embeddable":true,"href":"https:\/\/www.saxum.org\/es\/wp-json\/wp\/v2\/tags?post=248190"}],"curies":[{"name":"wp","href":"https:\/\/api.w.org\/{rel}","templated":true}]}}