{"id":247888,"date":"2023-10-13T14:24:30","date_gmt":"2023-10-13T14:24:30","guid":{"rendered":"https:\/\/www.saxum.org\/?p=247888"},"modified":"2023-10-26T11:10:09","modified_gmt":"2023-10-26T11:10:09","slug":"peregrinacion-a-tierra-santa-antes-y-despues-de-su-camino","status":"publish","type":"post","link":"https:\/\/www.saxum.org\/es\/peregrinacion-a-tierra-santa-antes-y-despues-de-su-camino\/","title":{"rendered":"Peregrinaci\u00f3n a Tierra Santa, antes y despu\u00e9s de su camino"},"content":{"rendered":"<p>[et_pb_section fb_built=&#8221;1&#8243; _builder_version=&#8221;4.16&#8243; global_colors_info=&#8221;{}&#8221;][et_pb_row _builder_version=&#8221;4.22.1&#8243; background_color=&#8221;#FFFFFF&#8221; background_size=&#8221;initial&#8221; background_position=&#8221;top_left&#8221; background_repeat=&#8221;repeat&#8221; global_colors_info=&#8221;{}&#8221;][et_pb_column type=&#8221;4_4&#8243; _builder_version=&#8221;4.16&#8243; custom_padding=&#8221;|||&#8221; global_colors_info=&#8221;{}&#8221; custom_padding__hover=&#8221;|||&#8221;][et_pb_text _builder_version=&#8221;4.22.1&#8243; background_size=&#8221;initial&#8221; background_position=&#8221;top_left&#8221; background_repeat=&#8221;repeat&#8221; hover_enabled=&#8221;0&#8243; global_colors_info=&#8221;{}&#8221; sticky_enabled=&#8221;0&#8243;]<\/p>\n<p>El reloj y las prisas. Vivimos con un ritmo vertiginoso y cada final de curso mi experiencia es que necesitamos un tiempo al estilo de lo que Benedicto XVI dijo que ser\u00edan las vacaciones ideales: \u201ctiempo para relajar el cuerpo y fortalecer el esp\u00edritu\u201d. Me puse manos a la obra: buscar una actividad que me permitiese realizar un poco de deporte combinado con retiro espiritual. Adem\u00e1s, mi actividad durante el a\u00f1o es sumamente sedentaria, fundamentalmente dedicada a la docencia. Necesitaba un poco de aire libre.<\/p>\n<div id=\"attachment_247891\" style=\"width: 185px\" class=\"wp-caption alignleft\"><img loading=\"lazy\" decoding=\"async\" aria-describedby=\"caption-attachment-247891\" class=\"wp-image-247891 size-medium\" title=\"Cura de Toledo\" src=\"https:\/\/www.saxum.org\/wp-content\/uploads\/2023\/10\/Curade-Toledo2-175x300.jpg\" alt=\"Cura de Toledo, Espa\u00f1a\" width=\"175\" height=\"300\" \/><p id=\"caption-attachment-247891\" class=\"wp-caption-text\">Cura de Toledo, Espa\u00f1a<\/p><\/div>\n<p>Por esta raz\u00f3n, durante veinte d\u00edas emprend\u00ed una peregrinaci\u00f3n a pie por Tierra Santa, desde Acre a Jerusal\u00e9n. Llevaba \u00fanicamente conmigo la mochila, mi saco de dormir, mi esterilla y una Tablet con libros buenos de meditaci\u00f3n, especialmente recomendados por mi director espiritual. El objetivo era pasar ma\u00f1anas enteras en silencio caminando y tardes enteras de retiro cuando llegase a los santos lugares. Es as\u00ed como, al seguir mi itinerario, llegu\u00e9 al centro Saxum. Durante mis jornadas de peregrinaci\u00f3n tambi\u00e9n aprovechaba para subir reflexiones a mi canal de youtube y compartir mi experiencia con muchos otros.<\/p>\n<p>Es dif\u00edcil evaluar la calidad de este tiempo de soledad y oraci\u00f3n, pero creo que hay algunos datos objetivos muy claros: cada tarde pude rezar en los santos lugares, delante de la Eucarist\u00eda, como m\u00ednimo, dos horas. Adem\u00e1s, rellen\u00e9 bastantes p\u00e1ginas en mi diario espiritual, textos acerca de lo que Dios me iba diciendo y que han quedado como un tesoro espiritual sobre el que no me canso de volver una y otra vez. He tenido la ocasi\u00f3n de encontrar a gente estupenda en mi camino: sacerdotes de comunidades cristianas locales, franciscanos o religiosos que custodian los santos lugares, miembros de comunidades jud\u00edas o laicos y familias. Basten algunos ejemplos. Recuerdo una cena estupenda donde una familia mejicana residente en Nazareth me comentaba c\u00f3mo viv\u00edan ellos la fe\u2026 Recuerdo a un p\u00e1rroco de una peque\u00f1a comunidad de cristianos \u00e1rabes con el que pas\u00e9 todo un d\u00eda: conversamos, comimos, rezamos juntos\u2026 En cierta ocasi\u00f3n, tambi\u00e9n me hosped\u00e9 en una casa de cristianos \u00e1rabes encantadores que me hicieron sentir como uno m\u00e1s en la familia&#8230; Paseos vespertinos mientas conversaba con un franciscano viendo atardecer en cada uno de los santos lugares. Una iniciativa llamada \u201cThe Way to Jerusalem\u201d, acompa\u00f1ado por Yael y Gol\u00e1n puso el colof\u00f3n a este rosario de experiencias.<\/p>\n<div id=\"attachment_247907\" style=\"width: 177px\" class=\"wp-caption alignleft\"><img loading=\"lazy\" decoding=\"async\" aria-describedby=\"caption-attachment-247907\" class=\"wp-image-247907 size-medium\" src=\"https:\/\/www.saxum.org\/wp-content\/uploads\/2023\/10\/Curade-Toledo3-1-167x300.jpg\" alt=\"Yael, el padre Valent\u00edn y Gol\u00e1n en la puerta de Jaffa,  Jerusal\u00e9n\" width=\"167\" height=\"300\" \/><p id=\"caption-attachment-247907\" class=\"wp-caption-text\">Yael, el padre Valent\u00edn y Gol\u00e1n en la puerta de Jaffa, Jerusal\u00e9n<\/p><\/div>\n<p>Sin lugar a duda, una experiencia sumamente recomendable. Recorrer Tierra Santa a pie le dar\u00e1 un sabor muy distinto a tu peregrinaci\u00f3n. Tal y como dec\u00edamos al comienzo: saludable para el cuerpo y terap\u00e9utico para el esp\u00edritu.<\/p>\n<div id=\"attachment_247911\" style=\"width: 310px\" class=\"wp-caption alignright\"><img loading=\"lazy\" decoding=\"async\" aria-describedby=\"caption-attachment-247911\" class=\"wp-image-247911 size-medium\" src=\"https:\/\/www.saxum.org\/wp-content\/uploads\/2023\/10\/Curade-Toledo-1-300x273.jpg\" alt=\"El padre Valent\u00edn durante la Misa en Saxum Visitor Center\" width=\"300\" height=\"273\" \/><p id=\"caption-attachment-247911\" class=\"wp-caption-text\">El padre Valent\u00edn durante la Misa en Saxum Visitor Center<\/p><\/div>\n<p>Valent\u00edn Aparicio Lara<br \/>Vicerrector Seminario Mayor de Toledo, Espa\u00f1a<br \/>Redes: @curadetoledo<\/p>\n<p>[\/et_pb_text][\/et_pb_column][\/et_pb_row][\/et_pb_section]<\/p>\n","protected":false},"excerpt":{"rendered":"<p>El reloj y las prisas. Vivimos con un ritmo vertiginoso y cada final de curso mi experiencia es que necesitamos un tiempo al estilo de lo que Benedicto XVI dijo que ser\u00edan las vacaciones ideales: \u201ctiempo para relajar el cuerpo y fortalecer el esp\u00edritu\u201d. Me puse manos a la obra: buscar una actividad que me [&hellip;]<\/p>\n","protected":false},"author":5,"featured_media":247891,"comment_status":"closed","ping_status":"open","sticky":false,"template":"","format":"standard","meta":{"_et_pb_use_builder":"on","_et_pb_old_content":"<p>El reloj y las prisas. Vivimos con un ritmo vertiginoso y cada final de curso mi experiencia es que necesitamos un tiempo al estilo de lo que Benedicto XVI dijo que ser\u00edan las vacaciones ideales: \u201ctiempo para relajar el cuerpo y fortalecer el esp\u00edritu\u201d. Me puse manos a la obra: buscar una actividad que me permitiese realizar un poco de deporte combinado con retiro espiritual. Adem\u00e1s, mi actividad durante el a\u00f1o es sumamente sedentaria, fundamentalmente dedicada a la docencia. Necesitaba un poco de aire libre.<\/p>[caption id=\"attachment_247891\" align=\"alignleft\" width=\"175\"]<img class=\"size-medium wp-image-247891\" title=\"Cura de Toledo\" src=\"https:\/\/www.saxum.org\/wp-content\/uploads\/2023\/10\/Curade-Toledo2-175x300.jpg\" alt=\"Cura de Toledo\" width=\"175\" height=\"300\" \/> Curade Toledo[\/caption]<p>Por esta raz\u00f3n, durante veinte d\u00edas emprend\u00ed una peregrinaci\u00f3n a pie por Tierra Santa, desde Acre a Jerusal\u00e9n. Llevaba \u00fanicamente conmigo la mochila, mi saco de dormir, mi esterilla y una Tablet con libros buenos de meditaci\u00f3n, especialmente recomendados por mi director espiritual. El objetivo era pasar ma\u00f1anas enteras en silencio caminando y tardes enteras de retiro cuando llegase a los santos lugares. Es as\u00ed como, al seguir mi itinerario, llegu\u00e9 al centro Saxum. Durante mis jornadas de peregrinaci\u00f3n tambi\u00e9n aprovechaba para subir reflexiones a mi canal de youtube y compartir mi experiencia con muchos otros.<\/p><p>Es dif\u00edcil evaluar la calidad de este tiempo de soledad y oraci\u00f3n, pero creo que hay algunos datos objetivos muy claros: cada tarde pude rezar en los santos lugares, delante de la Eucarist\u00eda, como m\u00ednimo, dos horas. Adem\u00e1s, rellen\u00e9 bastantes p\u00e1ginas en mi diario espiritual, textos acerca de lo que Dios mi iba diciendo y que han quedado como un tesoro espiritual sobre el que no me canso de volver una y otra vez. He tenido la ocasi\u00f3n de encontrar a gente estupenda en mi camino: sacerdotes de comunidades cristianas locales, franciscanos o religiosos que custodian los santos lugares, miembros de comunidades jud\u00edas o laicos y familias. Basten algunos ejemplos. Recuerdo una cena estupenda donde una familia mejicana residente en Nazareth me comentaba c\u00f3mo viv\u00edan ellos la fe\u2026 Recuerdo a un p\u00e1rroco de una peque\u00f1a comunidad de cristianos \u00e1rabes con el que pas\u00e9 todo un d\u00eda: conversamos, comimos, rezamos juntos\u2026 En cierta ocasi\u00f3n, tambi\u00e9n me hosped\u00e9 en una casa de cristianos \u00e1rabes encantadores que me hicieron sentir como uno m\u00e1s en la familia... Paseos vespertinos mientas conversaba con un franciscano viendo atardecer en cada uno de los santos lugares. Una iniciativa llamada \u201cThe Way to Jerusalem\u201d, acompa\u00f1ado por Yael y Gol\u00e1n puso el colof\u00f3n a este rosario de experiencias.<\/p>[caption id=\"attachment_247895\" align=\"aligncenter\" width=\"248\"]<img class=\"size-medium wp-image-247895\" title=\"Padre Valent\u00edn, Yael y Gol\u00e1n en la puerta de Jaffa\" src=\"https:\/\/www.saxum.org\/wp-content\/uploads\/2023\/10\/Curade-Toledo3-248x300.jpg\" alt=\"Padre Valent\u00edn, Yael y Gol\u00e1n en la puerta de Jaffa\" width=\"248\" height=\"300\" \/> Padre Valent\u00edn, Yael y Gol\u00e1n en la puerta de Jaffa[\/caption]<p>Sin lugar a duda, una experiencia sumamente recomendable. Recorrer Tierra Santa a pie le dar\u00e1 un sabor muy distinto a tu peregrinaci\u00f3n. Tal y como dec\u00edamos al comienzo: saludable para el cue<\/p>[caption id=\"attachment_247899\" align=\"alignright\" width=\"176\"]<img class=\"size-medium wp-image-247899\" title=\"El Cura de Toledo en Saxum Visitor Center\" src=\"https:\/\/www.saxum.org\/wp-content\/uploads\/2023\/10\/Curade-Toledo-176x300.jpg\" alt=\"El Cura de Toledo en Saxum Visitor Center\" width=\"176\" height=\"300\" \/> El Cura de Toledo en Saxum Visitor Center[\/caption]<p>rpo y terap\u00e9utico para el esp\u00edritu.<\/p><p>Valent\u00edn Aparicio Lara<br \/>Vicerrector Seminario Mayor de Toledo<br \/>Redes: @curadetoledo<\/p>","_et_gb_content_width":"","footnotes":"","_links_to":"","_links_to_target":""},"categories":[250],"tags":[],"class_list":["post-247888","post","type-post","status-publish","format-standard","has-post-thumbnail","hentry","category-ultimas-noticias"],"_links":{"self":[{"href":"https:\/\/www.saxum.org\/es\/wp-json\/wp\/v2\/posts\/247888","targetHints":{"allow":["GET"]}}],"collection":[{"href":"https:\/\/www.saxum.org\/es\/wp-json\/wp\/v2\/posts"}],"about":[{"href":"https:\/\/www.saxum.org\/es\/wp-json\/wp\/v2\/types\/post"}],"author":[{"embeddable":true,"href":"https:\/\/www.saxum.org\/es\/wp-json\/wp\/v2\/users\/5"}],"replies":[{"embeddable":true,"href":"https:\/\/www.saxum.org\/es\/wp-json\/wp\/v2\/comments?post=247888"}],"version-history":[{"count":0,"href":"https:\/\/www.saxum.org\/es\/wp-json\/wp\/v2\/posts\/247888\/revisions"}],"wp:featuredmedia":[{"embeddable":true,"href":"https:\/\/www.saxum.org\/es\/wp-json\/wp\/v2\/media\/247891"}],"wp:attachment":[{"href":"https:\/\/www.saxum.org\/es\/wp-json\/wp\/v2\/media?parent=247888"}],"wp:term":[{"taxonomy":"category","embeddable":true,"href":"https:\/\/www.saxum.org\/es\/wp-json\/wp\/v2\/categories?post=247888"},{"taxonomy":"post_tag","embeddable":true,"href":"https:\/\/www.saxum.org\/es\/wp-json\/wp\/v2\/tags?post=247888"}],"curies":[{"name":"wp","href":"https:\/\/api.w.org\/{rel}","templated":true}]}}