{"id":246579,"date":"2023-07-13T07:04:46","date_gmt":"2023-07-13T07:04:46","guid":{"rendered":"https:\/\/www.saxum.org\/?p=246579"},"modified":"2023-07-25T14:13:12","modified_gmt":"2023-07-25T14:13:12","slug":"las-tormentas-del-lago-de-galilea","status":"publish","type":"post","link":"https:\/\/www.saxum.org\/es\/las-tormentas-del-lago-de-galilea\/","title":{"rendered":"Las tormentas del Lago de Galilea"},"content":{"rendered":"<p>[et_pb_section fb_built=&#8221;1&#8243; _builder_version=&#8221;4.16&#8243; global_colors_info=&#8221;{}&#8221;][et_pb_row _builder_version=&#8221;4.21.0&#8243; background_color=&#8221;#FFFFFF&#8221; background_size=&#8221;initial&#8221; background_position=&#8221;top_left&#8221; background_repeat=&#8221;repeat&#8221; global_colors_info=&#8221;{}&#8221;][et_pb_column type=&#8221;4_4&#8243; _builder_version=&#8221;4.16&#8243; custom_padding=&#8221;|||&#8221; global_colors_info=&#8221;{}&#8221; custom_padding__hover=&#8221;|||&#8221;][et_pb_text _builder_version=&#8221;4.21.0&#8243; background_size=&#8221;initial&#8221; background_position=&#8221;top_left&#8221; background_repeat=&#8221;repeat&#8221; global_colors_info=&#8221;{}&#8221;]<\/p>\n<p>Continuamos con la serie de art\u00edculos sobre el lago de Galilea. En el primero analizamos &#8220;El mar de Galilea y su clima&#8221; y en el segundo &#8220;Los vientos del lago de Galilea&#8221;. Los vientos m\u00e1s fuertes producen tormentas, y como se\u00f1ala el Evangelio, al menos en dos ocasiones el Se\u00f1or mostr\u00f3 tener dominio sobre la naturaleza y calm\u00f3 el fuerte viento del lago.<\/p>\n<p>Como cuenta san Lucas (8: 22-25): \u201c<strong>Un d\u00eda subi\u00f3 \u00e9l a una barca junto con sus disc\u00edpulos y les dijo: \u00abVamos a cruzar a la otra orilla del lago\u00bb; y se hicieron a la mar. Mientras iban navegando, se qued\u00f3 dormido. E irrumpi\u00f3 sobre el lago un torbellino de viento, se hund\u00edan y estaban en peligro. Entonces se acercan a \u00e9l y le despiertan, diciendo: \u00abMaestro, Maestro, \u00a1que perecemos!\u00bb. Y \u00e9l, despert\u00e1ndose, conmin\u00f3 al viento y al oleaje del agua, que se apaciguaron, y sobrevino la calma. Y les dijo: \u00ab\u00bfD\u00f3nde est\u00e1 vuestra fe?\u00bb. Ellos, por su parte, llenos de temor y admiraci\u00f3n, se dec\u00edan unos a otros: \u00ab\u00bfPues qui\u00e9n es este que da \u00f3rdenes incluso al viento y al agua y lo obedecen?\u00bb.\u201d<\/strong><\/p>\n<p>Tambi\u00e9n nos relata san Juan (6:16-21) c\u00f3mo <strong>\u201cAl oscurecer, los disc\u00edpulos de Jes\u00fas bajaron al mar, embarcaron y empezaron la traves\u00eda hacia Cafarna\u00fan. Era ya noche cerrada, y todav\u00eda Jes\u00fas no los hab\u00eda alcanzado; soplaba un viento fuerte, y el lago se iba encrespando. Hab\u00edan remado unos veinticinco o treinta estadios, cuando vieron a Jes\u00fas que se acercaba a la barca, caminando sobre el mar, y se asustaron. Pero \u00e9l les dijo: \u00abSoy yo, no tem\u00e1is\u00bb. Quer\u00edan recogerlo a bordo, pero la barca toc\u00f3 tierra en seguida, en el sitio a donde iban\u201d. Este episodio, tambi\u00e9n lo relata san Mateo (14, 22-33) y san Marcos (6, 45-52) y a\u00f1aden un detalle importante y es que adem\u00e1s de caminar sobre el agua, \u201centr\u00f3 en la barca con ellos y amain\u00f3 el viento\u201d<\/strong> (Mc 6, 51).<\/p>\n<div id=\"attachment_246580\" style=\"width: 310px\" class=\"wp-caption alignright\"><img loading=\"lazy\" decoding=\"async\" aria-describedby=\"caption-attachment-246580\" class=\"size-medium wp-image-246580\" title=\"Lago de Galilea\" src=\"https:\/\/www.saxum.org\/wp-content\/uploads\/2023\/07\/MG_1977-300x200.jpg\" alt=\"Lago de Galilea\" width=\"300\" height=\"200\" \/><p id=\"caption-attachment-246580\" class=\"wp-caption-text\">Lago de Galilea<\/p><\/div>\n<p>En este trabajo describiremos las tormentas del lago de Galilea que se dan actualmente, pues muy probablemente sean del mismo tipo que las de la \u00e9poca de Jes\u00fas.<\/p>\n<p>Las tormentas del lago de Galilea proceden de tres direcciones, del Este, del Sur y del Oeste.<\/p>\n<p>Las tormentas m\u00e1s fuertes que se dan provienen del Este. La tormenta descrita en Lc 8, 22-25 y sus paralelos en Mateo y Marcos parece una descripci\u00f3n detallada de una tormenta del Este del Lago. Este viento se conoce como Sharkia (shark significa Este en \u00e1rabe). Estas tormentas que suelen comenzar al comienzo de la tarde y siguen produciendo hoy d\u00eda aprehensi\u00f3n en los pescadores locales (Mendel Num, 1985). Un buen ejemplo de estas tormentas es la que ocurri\u00f3 el 11 y 12 de marzo de 1992 (Figura 1). En este caso los vientos alcanzaron los 50 km\/h.<\/p>\n<p>De menor intensidad son las tormentas de componente Sur. Estos vientos superan los 30 km\/h y, como ya comentamos en nuestro anterior art\u00edculo (Los vientos del lago de Galilea, Figura 1), al provenir del desierto es muy c\u00e1lido y trae muchas part\u00edculas en suspensi\u00f3n.<\/p>\n<p>Por \u00faltimo, resultan tambi\u00e9n muy peligrosas las tormentas de componente Oeste, pues se forman de repente. \u201cEn los estrechos, largos y retorcidos wadis de esta zona semimonta\u00f1osa del lado occidental del mar de Galilea se forman con toda rapidez rachas de viento, se introducen con toda fuerza entre los escarpados barrancos y caen con creciente poder sobre el lago, situado a 200 m bajo el nivel del mar. En pocos minutos estas rachas de viento transforman la superficie lisa del agua en una caldera hirviente y rugiente. Con poderoso \u00edmpetu se precipita la tormenta sobre el peque\u00f1o mar de Galilea; el hurac\u00e1n choca contra las monta\u00f1as que cierran la orilla oriental del lado y se une aqu\u00ed con los vientos que siguen soplando, de modo que en un instante puede formarse un hurac\u00e1n\u201d (Wilkem, K.E. 1956).<\/p>\n<p>Jes\u00fas, creador del cielo y de la tierra, demostr\u00f3 tener dominio sobre los fen\u00f3menos naturales m\u00e1s intensos del lago de Galilea, calmando algunas tormentas para el crecimiento de fe de sus disc\u00edpulos y la nuestra.<\/p>\n<p>Por padre Alfonso S\u00e1nchez Lamadrid<\/p>\n<p><div id=\"attachment_246584\" style=\"width: 353px\" class=\"wp-caption aligncenter\"><img loading=\"lazy\" decoding=\"async\" aria-describedby=\"caption-attachment-246584\" class=\" wp-image-246584\" title=\"Rosa de los Vientos del Lago de Galilea\" src=\"https:\/\/www.saxum.org\/wp-content\/uploads\/2023\/07\/Rosa-de-los-Vientos-del-Lago-de-Galilea-300x225.jpg\" alt=\"Figura 1. Rosa de los vientos del lago de Galilea en d\u00edas de tormenta del Este (Estaci\u00f3n de Cafarnaum, d\u00edas 11 y 12 de marzo de 1992, http:\/\/ims.data.gov.il)\" width=\"343\" height=\"257\" \/><p id=\"caption-attachment-246584\" class=\"wp-caption-text\">Figura 1. Rosa de los vientos del lago de Galilea en d\u00edas de tormenta del Este (Estaci\u00f3n de Cafarnaum, d\u00edas 11 y 12 de marzo de 1992, http:\/\/ims.data.gov.il)<\/p><\/div>[\/et_pb_text][\/et_pb_column][\/et_pb_row][\/et_pb_section]<\/p>\n","protected":false},"excerpt":{"rendered":"<p>Continuamos con la serie de art\u00edculos sobre el lago de Galilea. En el primero analizamos &#8220;El mar de Galilea y su clima&#8221; y en el segundo &#8220;Los vientos del lago de Galilea&#8221;. Los vientos m\u00e1s fuertes producen tormentas, y como se\u00f1ala el Evangelio, al menos en dos ocasiones el Se\u00f1or mostr\u00f3 tener dominio sobre la [&hellip;]<\/p>\n","protected":false},"author":5,"featured_media":246580,"comment_status":"closed","ping_status":"open","sticky":false,"template":"","format":"standard","meta":{"_et_pb_use_builder":"on","_et_pb_old_content":"<p>Continuamos con la serie de art\u00edculos sobre el lago de Galilea. En el primero analizamos El mar de Galilea y su clima y en el segundo Los vientos del lago de Galilea. Los vientos m\u00e1s fuertes producen tormentas, y como se\u00f1ala el Evangelio, al menos en dos ocasiones el Se\u00f1or mostr\u00f3 tener dominio sobre la naturaleza y calm\u00f3 el fuerte viento del lago.<\/p><p>Como cuenta san Lucas (8: 22-25): \u201c<strong>Un d\u00eda subi\u00f3 \u00e9l a una barca junto con sus disc\u00edpulos y les dijo: \u00abVamos a cruzar a la otra orilla del lago\u00bb; y se hicieron a la mar. Mientras iban navegando, se qued\u00f3 dormido. E irrumpi\u00f3 sobre el lago un torbellino de viento, se hund\u00edan y estaban en peligro. Entonces se acercan a \u00e9l y le despiertan, diciendo: \u00abMaestro, Maestro, \u00a1que perecemos!\u00bb. Y \u00e9l, despert\u00e1ndose, conmin\u00f3 al viento y al oleaje del agua, que se apaciguaron, y sobrevino la calma. Y les dijo: \u00ab\u00bfD\u00f3nde est\u00e1 vuestra fe?\u00bb. Ellos, por su parte, llenos de temor y admiraci\u00f3n, se dec\u00edan unos a otros: \u00ab\u00bfPues qui\u00e9n es este que da \u00f3rdenes incluso al viento y al agua y lo obedecen?\u00bb.\u201d<\/strong><\/p><p>Tambi\u00e9n nos relata san Juan (6:16-21) c\u00f3mo <strong>\u201cAl oscurecer, los disc\u00edpulos de Jes\u00fas bajaron al mar, embarcaron y empezaron la traves\u00eda hacia Cafarna\u00fan. Era ya noche cerrada, y todav\u00eda Jes\u00fas no los hab\u00eda alcanzado; soplaba un viento fuerte, y el lago se iba encrespando. Hab\u00edan remado unos veinticinco o treinta estadios, cuando vieron a Jes\u00fas que se acercaba a la barca, caminando sobre el mar, y se asustaron. Pero \u00e9l les dijo: \u00abSoy yo, no tem\u00e1is\u00bb. Quer\u00edan recogerlo a bordo, pero la barca toc\u00f3 tierra en seguida, en el sitio a donde iban\u201d. Este episodio, tambi\u00e9n lo relata san Mateo (14, 22-33) y san Marcos (6, 45-52) y a\u00f1aden un detalle importante y es que adem\u00e1s de caminar sobre el agua, \u201centr\u00f3 en la barca con ellos y amain\u00f3 el viento\u201d<\/strong> (Mc 6, 51).<\/p>[caption id=\"attachment_246580\" align=\"alignright\" width=\"300\"]<img class=\"size-medium wp-image-246580\" title=\"Lago de Galilea\" src=\"https:\/\/www.saxum.org\/wp-content\/uploads\/2023\/07\/MG_1977-300x200.jpg\" alt=\"Lago de Galilea\" width=\"300\" height=\"200\" \/> Lago de Galilea[\/caption]<p>En este trabajo describiremos las tormentas del lago de Galilea que se dan actualmente, pues muy probablemente sean del mismo tipo que las de la \u00e9poca de Jes\u00fas.<\/p><p>Las tormentas del lago de Galilea proceden de tres direcciones, del Este, del Sur y del Oeste.<\/p><p>Las tormentas m\u00e1s fuertes que se dan provienen del Este. La tormenta descrita en Lc 8, 22-25 y sus paralelos en Mt y Mc parece una descripci\u00f3n detallada de una tormenta del Este del Lago. Este viento se conoce como Sharkia (shark significa Este en \u00e1rabe). Estas tormentas que suelen comenzar al comienzo de la tarde y siguen produciendo hoy d\u00eda aprehensi\u00f3n en los pescadores locales (Mendel Num, 1985). Un buen ejemplo de estas tormentas es la que ocurri\u00f3 el 11 y 12 de marzo de 1992 (Figura 1). En este caso los vientos alcanzaron los 50 km\/h.<\/p><p>De menor intensidad son las tormentas de componente Sur. Estos vientos superan los 30 km\/h y, como ya comentamos en nuestro anterior art\u00edculo (Los vientos del lago de Galilea, Figura 1), al provenir del desierto es muy c\u00e1lido y trae muchas part\u00edculas en suspensi\u00f3n.<\/p><p>Por \u00faltimo, resultan tambi\u00e9n muy peligrosas las tormentas de componente Oeste, pues se forman de repente. \u201cEn los estrechos, largos y retorcidos wadis de esta zona semimonta\u00f1osa del lado occidental del mar de Galilea se forman con toda rapidez rachas de viento, se introducen con toda fuerza entre los escarpados barrancos y caen con creciente poder sobre el lago, situado a 200 m bajo el nivel del mar. En pocos minutos estas rachas de viento transforman la superficie lisa del agua en una caldera hirviente y rugiente. Con poderoso \u00edmpetu se precipita la tormenta sobre el peque\u00f1o mar de Galilea; el hurac\u00e1n choca contra las monta\u00f1as que cierran la orilla oriental del lado y se une aqu\u00ed con los vientos que siguen soplando, de modo que en un instante puede formarse un hurac\u00e1n\u201d (Wilkem, K.E. 1956).<\/p><p>Jes\u00fas, creador del cielo y de la tierra, demostr\u00f3 tener dominio sobre los fen\u00f3menos naturales m\u00e1s intensos del lago de Galilea, calmando algunas tormentas para el crecimiento de fe de sus disc\u00edpulos y la nuestra.<\/p><p>Por padre Alfonso S\u00e1nchez Lamadrid<\/p>[caption id=\"attachment_246584\" align=\"aligncenter\" width=\"343\"]<img class=\" wp-image-246584\" title=\"Rosa de los Vientos del Lago de Galilea\" src=\"https:\/\/www.saxum.org\/wp-content\/uploads\/2023\/07\/Rosa-de-los-Vientos-del-Lago-de-Galilea-300x225.jpg\" alt=\"Figura 1. Rosa de los vientos del lago de Galilea en d\u00edas de tormenta del Este (Estaci\u00f3n de Cafarnaum, d\u00edas 11 y 12 de marzo de 1992, http:\/\/ims.data.gov.il)\" width=\"343\" height=\"257\" \/> Figura 1. Rosa de los vientos del lago de Galilea en d\u00edas de tormenta del Este (Estaci\u00f3n de Cafarnaum, d\u00edas 11 y 12 de marzo de 1992, http:\/\/ims.data.gov.il)[\/caption]","_et_gb_content_width":"","footnotes":"","_links_to":"","_links_to_target":""},"categories":[250],"tags":[],"class_list":["post-246579","post","type-post","status-publish","format-standard","has-post-thumbnail","hentry","category-ultimas-noticias"],"_links":{"self":[{"href":"https:\/\/www.saxum.org\/es\/wp-json\/wp\/v2\/posts\/246579","targetHints":{"allow":["GET"]}}],"collection":[{"href":"https:\/\/www.saxum.org\/es\/wp-json\/wp\/v2\/posts"}],"about":[{"href":"https:\/\/www.saxum.org\/es\/wp-json\/wp\/v2\/types\/post"}],"author":[{"embeddable":true,"href":"https:\/\/www.saxum.org\/es\/wp-json\/wp\/v2\/users\/5"}],"replies":[{"embeddable":true,"href":"https:\/\/www.saxum.org\/es\/wp-json\/wp\/v2\/comments?post=246579"}],"version-history":[{"count":0,"href":"https:\/\/www.saxum.org\/es\/wp-json\/wp\/v2\/posts\/246579\/revisions"}],"wp:featuredmedia":[{"embeddable":true,"href":"https:\/\/www.saxum.org\/es\/wp-json\/wp\/v2\/media\/246580"}],"wp:attachment":[{"href":"https:\/\/www.saxum.org\/es\/wp-json\/wp\/v2\/media?parent=246579"}],"wp:term":[{"taxonomy":"category","embeddable":true,"href":"https:\/\/www.saxum.org\/es\/wp-json\/wp\/v2\/categories?post=246579"},{"taxonomy":"post_tag","embeddable":true,"href":"https:\/\/www.saxum.org\/es\/wp-json\/wp\/v2\/tags?post=246579"}],"curies":[{"name":"wp","href":"https:\/\/api.w.org\/{rel}","templated":true}]}}