{"id":246568,"date":"2023-07-13T07:03:29","date_gmt":"2023-07-13T07:03:29","guid":{"rendered":"https:\/\/www.saxum.org\/?p=246568"},"modified":"2023-07-13T07:03:35","modified_gmt":"2023-07-13T07:03:35","slug":"elias-y-juan-el-bautista","status":"publish","type":"post","link":"https:\/\/www.saxum.org\/es\/elias-y-juan-el-bautista\/","title":{"rendered":"El\u00edas y Juan, el Bautista"},"content":{"rendered":"<p>[et_pb_section fb_built=&#8221;1&#8243; _builder_version=&#8221;4.16&#8243; global_colors_info=&#8221;{}&#8221;][et_pb_row _builder_version=&#8221;4.21.0&#8243; background_color=&#8221;#FFFFFF&#8221; background_size=&#8221;initial&#8221; background_position=&#8221;top_left&#8221; background_repeat=&#8221;repeat&#8221; global_colors_info=&#8221;{}&#8221;][et_pb_column type=&#8221;4_4&#8243; _builder_version=&#8221;4.16&#8243; custom_padding=&#8221;|||&#8221; global_colors_info=&#8221;{}&#8221; custom_padding__hover=&#8221;|||&#8221;][et_pb_text _builder_version=&#8221;4.21.0&#8243; background_size=&#8221;initial&#8221; background_position=&#8221;top_left&#8221; background_repeat=&#8221;repeat&#8221; global_colors_info=&#8221;{}&#8221;]<\/p>\n<p>Uno se pregunta por qu\u00e9 la vestimenta de Juan el Bautista le interesar\u00eda tanto a Mateo como para tomarse el tiempo de describirla. <strong>&#8220;Este Juan llevaba un vestido de pelos de camello, con un cintur\u00f3n de cuero alrededor de sus lomos; su alimento eran saltamontes y miel silvestre&#8221; (Mt. 3:4).<\/strong><\/p>\n<p>Volviendo al relato hist\u00f3rico de 2 Reyes, Ocoz\u00edas, rey de Samaria, cay\u00f3 enfermo y pidi\u00f3 a sus mensajeros que consultaran a un profeta pagano (Baal) para saber si se recuperar\u00eda. El \u00e1ngel de Dios le dijo a El\u00edas que se encontrara con estos mensajeros en el camino. El\u00edas envi\u00f3 un mensaje al rey dici\u00e9ndole que morir\u00eda. Al regresar el mensajero, el rey les pregunt\u00f3: \u201cY \u00e9l les dijo: &#8216;\u00bfQu\u00e9 aspecto ten\u00eda aquel hombre que se os encontr\u00f3 y os habl\u00f3 estas palabras?&#8217; Respondieron: &#8216;Era un hombre vestido de pelo y con un cintur\u00f3n de cuero alrededor de sus lomos.&#8217; Entonces dijo: &#8220;Es El\u00edas el tesbita&#8221; (2 Re. 1:7-8).<\/p>\n<p>Malaqu\u00edas, el \u00faltimo profeta del Antiguo Testamento (siglo V a.C.), hab\u00eda dicho:<strong> &#8220;He aqu\u00ed, yo os env\u00edo al profeta El\u00edas antes de que venga el d\u00eda grande y terrible del Se\u00f1or&#8221; (Mal. 4:5)<\/strong>. Entonces, la vestimenta de Juan como El\u00edas significa para todo Israel que el esperado tiempo mesi\u00e1nico de Malaqu\u00edas hab\u00eda llegado. Lucas nos cuenta acerca del Bautista: <strong>&#8221; Ir\u00e1 delante de \u00e9l con el esp\u00edritu y el poder de El\u00edas para convertir los corazones de los padres a los hijos y a los rebeldes a la prudencia de los justos, preparando al Se\u00f1or un pueblo bien dispuesto&#8221; (Lk. 1:17).<\/strong><\/p>\n<div id=\"attachment_246569\" style=\"width: 310px\" class=\"wp-caption alignright\"><img loading=\"lazy\" decoding=\"async\" aria-describedby=\"caption-attachment-246569\" class=\"size-medium wp-image-246569\" title=\"Estatua de El\u00edas en la cripta del Monasterio Stella Maris, Monte Carmelo, Haifa, Israel\" src=\"https:\/\/www.saxum.org\/wp-content\/uploads\/2023\/07\/Elijah_Cave_inside_Stella_Maris_Church-by-Joe-Freeman-300x225.jpg\" alt=\"Estatua de El\u00edas en la cripta del Monasterio Stella Maris, Monte Carmelo, Haifa, Israel\" width=\"300\" height=\"225\" \/><p id=\"caption-attachment-246569\" class=\"wp-caption-text\">Estatua de El\u00edas en la cripta del Monasterio Stella Maris, Monte Carmelo, Haifa, Israel, foto de Joe Freeman<\/p><\/div>\n<p>Mateo est\u00e1 vinculando al Bautista con el profeta El\u00edas al escribir sobre la vestimenta de Juan, porque El\u00edas tambi\u00e9n llevaba la misma vestimenta. Mateo describe la vestimenta de Juan, el Bautista, para decirnos que debemos ver a El\u00edas en el Bautista. Mateo registra esta confirmaci\u00f3n en palabras de Jes\u00fas mismo: <strong>&#8220;De cierto os digo que entre los nacidos de mujer no se ha levantado otro mayor que Juan, el Bautista (\u2026) Pues todos los Profetas y la Ley profetizaron hasta Juan, y si quer\u00e9is aceptarlo, \u00e9l es El\u00edas, el que ha de venir&#8221; (Mt. 11:11-14).<\/strong><\/p>\n<p>Por Maryann Cenz\u00f3n<\/p>\n<p>[\/et_pb_text][\/et_pb_column][\/et_pb_row][\/et_pb_section]<\/p>\n","protected":false},"excerpt":{"rendered":"<p>Uno se pregunta por qu\u00e9 la vestimenta de Juan el Bautista le interesar\u00eda tanto a Mateo como para tomarse el tiempo de describirla. &#8220;Este Juan llevaba un vestido de pelos de camello, con un cintur\u00f3n de cuero alrededor de sus lomos; su alimento eran saltamontes y miel silvestre&#8221; (Mt. 3:4). Volviendo al relato hist\u00f3rico de [&hellip;]<\/p>\n","protected":false},"author":5,"featured_media":246569,"comment_status":"closed","ping_status":"open","sticky":false,"template":"","format":"standard","meta":{"_et_pb_use_builder":"on","_et_pb_old_content":"<p>Uno se pregunta por qu\u00e9 la vestimenta de Juan el Bautista le interesar\u00eda tanto a Mateo como para tomarse el tiempo de describirla. <strong>\"Este Juan llevaba un vestido de pelos de camello, con un cintur\u00f3n de cuero alrededor de sus lomos; su alimento eran saltamontes y miel silvestre\" (Mt. 3:4).<\/strong><\/p><p>Volviendo al relato hist\u00f3rico de 2 Reyes, Ocoz\u00edas, rey de Samaria, cay\u00f3 enfermo y pidi\u00f3 a sus mensajeros que consultaran a un profeta pagano (Baal) para saber si se recuperar\u00eda. El \u00e1ngel de Dios le dijo a El\u00edas que se encontrara con estos mensajeros en el camino. El\u00edas envi\u00f3 un mensaje al rey dici\u00e9ndole que morir\u00eda. Al regresar el mensajero, el rey les pregunt\u00f3: \u201cY \u00e9l les dijo: '\u00bfQu\u00e9 aspecto ten\u00eda aquel hombre que se os encontr\u00f3 y os habl\u00f3 estas palabras?' Respondieron: 'Era un hombre vestido de pelo y con un cintur\u00f3n de cuero alrededor de sus lomos.' Entonces dijo: 'Es El\u00edas el tesbita\" (2 Re. 1:7-8).<\/p><p>Malaqu\u00edas, el \u00faltimo profeta del Antiguo Testamento (siglo V a.C.), hab\u00eda dicho: \"He aqu\u00ed, yo os env\u00edo al profeta El\u00edas antes de que venga el d\u00eda grande y terrible del Se\u00f1or\" (Mal. 4:5). Entonces, la vestimenta de Juan como El\u00edas significa para todo Israel que el esperado tiempo mesi\u00e1nico de Malaqu\u00edas hab\u00eda llegado. Lucas nos cuenta acerca del Bautista: \" Ir\u00e1 delante de \u00e9l con el esp\u00edritu y el poder de El\u00edas para convertir los corazones de los padres a los hijos y a los rebeldes a la prudencia de los justos, preparando al Se\u00f1or un pueblo bien dispuesto\" (Lk. 1:17).<\/p>[caption id=\"attachment_246569\" align=\"alignright\" width=\"300\"]<img class=\"size-medium wp-image-246569\" title=\"Estatua de El\u00edas en la cripta del Monasterio Stella Maris, Monte Carmelo, Haifa, Israel\" src=\"https:\/\/www.saxum.org\/wp-content\/uploads\/2023\/07\/Elijah_Cave_inside_Stella_Maris_Church-by-Joe-Freeman-300x225.jpg\" alt=\"Estatua de El\u00edas en la cripta del Monasterio Stella Maris, Monte Carmelo, Haifa, Israel\" width=\"300\" height=\"225\" \/> Estatua de El\u00edas en la cripta del Monasterio Stella Maris, Monte Carmelo, Haifa, Israel, foto de Joe Freeman[\/caption]<p>Mateo est\u00e1 vinculando al Bautista con el profeta El\u00edas al escribir sobre la vestimenta de Juan, porque El\u00edas tambi\u00e9n llevaba la misma vestimenta. Mateo describe la vestimenta de Juan, el Bautista, para decirnos que debemos ver a El\u00edas en el Bautista. Mateo registra esta confirmaci\u00f3n en palabras de Jes\u00fas mismo: \"De cierto os digo que entre los nacidos de mujer no se ha levantado otro mayor que Juan, el Bautista (\u2026) Pues todos los Profetas y la Ley profetizaron hasta Juan, y si quer\u00e9is aceptarlo, \u00e9l es El\u00edas, el que ha de venir\" (Mt. 11:11-14).<\/p><p>Por Maryann Cenz\u00f3n<\/p>","_et_gb_content_width":"","footnotes":"","_links_to":"","_links_to_target":""},"categories":[250],"tags":[],"class_list":["post-246568","post","type-post","status-publish","format-standard","has-post-thumbnail","hentry","category-ultimas-noticias"],"_links":{"self":[{"href":"https:\/\/www.saxum.org\/es\/wp-json\/wp\/v2\/posts\/246568","targetHints":{"allow":["GET"]}}],"collection":[{"href":"https:\/\/www.saxum.org\/es\/wp-json\/wp\/v2\/posts"}],"about":[{"href":"https:\/\/www.saxum.org\/es\/wp-json\/wp\/v2\/types\/post"}],"author":[{"embeddable":true,"href":"https:\/\/www.saxum.org\/es\/wp-json\/wp\/v2\/users\/5"}],"replies":[{"embeddable":true,"href":"https:\/\/www.saxum.org\/es\/wp-json\/wp\/v2\/comments?post=246568"}],"version-history":[{"count":0,"href":"https:\/\/www.saxum.org\/es\/wp-json\/wp\/v2\/posts\/246568\/revisions"}],"wp:featuredmedia":[{"embeddable":true,"href":"https:\/\/www.saxum.org\/es\/wp-json\/wp\/v2\/media\/246569"}],"wp:attachment":[{"href":"https:\/\/www.saxum.org\/es\/wp-json\/wp\/v2\/media?parent=246568"}],"wp:term":[{"taxonomy":"category","embeddable":true,"href":"https:\/\/www.saxum.org\/es\/wp-json\/wp\/v2\/categories?post=246568"},{"taxonomy":"post_tag","embeddable":true,"href":"https:\/\/www.saxum.org\/es\/wp-json\/wp\/v2\/tags?post=246568"}],"curies":[{"name":"wp","href":"https:\/\/api.w.org\/{rel}","templated":true}]}}