{"id":243956,"date":"2022-11-22T13:35:16","date_gmt":"2022-11-22T13:35:16","guid":{"rendered":"https:\/\/www.saxum.org\/mary-conceived-without-original-sin\/"},"modified":"2022-11-28T13:15:14","modified_gmt":"2022-11-28T13:15:14","slug":"mary-conceived-without-original-sin","status":"publish","type":"post","link":"https:\/\/www.saxum.org\/es\/mary-conceived-without-original-sin\/","title":{"rendered":"Mar\u00eda, concebida sin pecado original"},"content":{"rendered":"<p>Hasta el siglo XIII muchos te\u00f3logos pensaron que Mar\u00eda fue concebida con el pecado original y que posteriormente, como Juan Bautista y otros, fue sanada en el vientre materno. Incluso as\u00ed lo expresa Tom\u00e1s de Aquino diciendo \u201csi el alma de la sant\u00edsima Virgen Mar\u00eda no hubiera estado nunca manchada con el pecado original ser\u00eda en detrimento de la dignidad de Cristo, salvador universal de todos.\u201d (STh III, 27, 1 ad 2)<\/p>\n<p>Fue un franciscano, Juan Duns Scoto, quien puso las bases de esta nueva expresi\u00f3n \u201cDios pod\u00eda crear a la Virgen en el estado de pureza original; era conveniente que fuese as\u00ed; por tanto, lo hizo\u201d.<\/p>\n<p>La Concepci\u00f3n Inmaculada de Mar\u00eda es el comienzo del Nuevo Testamento. El tiempo de la promesa de redenci\u00f3n para toda la humanidad, el cumplimiento del protoevangelio en el cual la Mujer aplastar\u00e1 la cabeza de la serpiente, unida a la redenci\u00f3n de la humanidad.<\/p>\n<p>Mar\u00eda, la Mujer, no estuvo nunca bajo el dominio del pecado. Eva y sus descendientes s\u00ed.<\/p>\n<div id=\"attachment_243947\" style=\"width: 310px\" class=\"wp-caption alignleft\"><img loading=\"lazy\" decoding=\"async\" aria-describedby=\"caption-attachment-243947\" class=\"wp-image-243947 size-medium\" src=\"https:\/\/www.saxum.org\/wp-content\/uploads\/2022\/11\/concepcion_1-e1669125296314.jpg\" alt=\"\" width=\"300\" height=\"300\" \/><p id=\"caption-attachment-243947\" class=\"wp-caption-text\">Iglesia de Santa Ana Jerusal\u00e9n<\/p><\/div>\n<p>El hombre en su origen fue creado sin pecado, para que no muriera, sino que viviera feliz en Ed\u00e9n. Pero no quiso. Sin embargo, Mar\u00eda es la \u00fanica criatura humana que no teniendo pecado original asume la plenitud de la raza humana. Ella es radicalmente Mujer, con la m\u00e1xima libertad y plenitud personal creada.<\/p>\n<p>Por lo tanto, Mar\u00eda fue la primera y \u00fanica criatura humana que curs\u00f3 toda su vida seg\u00fan el modelo original de Dios Padre. Por eso sabemos que su naturaleza estuvo dotada de los dones preternaturales como los de Sabidur\u00eda, Integridad, Inmortalidad, Impasibilidad y perfecto dominio sobre los animales, durante toda su vida en la tierra.<\/p>\n<p>Todo fue posible s\u00f3lo por la anticipaci\u00f3n en el tiempo de los m\u00e9ritos de su Hijo: El \u00fanico Salvador. Formando todos los eslabones, desde la Inmaculada Concepci\u00f3n de Mar\u00eda hasta la muerte y resurrecci\u00f3n de Jesucristo, una sola cadena.<\/p>\n<p>En 1854 se proclam\u00f3 esta verdad de la Inmaculada Concepci\u00f3n como dogma de fe. Fue el 8 de diciembre cuando P\u00edo IX mediante la Constituci\u00f3n <em>Ineffabilis Deus <\/em>lo proclam\u00f3 solemnemente: \u201cLa Sant\u00edsima Virgen Mar\u00eda, desde el primer instante de su concepci\u00f3n, por una gracia especial y por privilegio de Dios omnipotente, y en vistas a los m\u00e9ritos de Jesucristo, salvador del g\u00e9nero humano, ha sido preservada inmune de toda mancha de pecado original\u201d.<\/p>\n<p>Cuatro a\u00f1os m\u00e1s tarde 1858, en una peque\u00f1a gruta del pirineo franc\u00e9s la Virgen se aparece a una joven pastora de catorce a\u00f1os y le dice \u201cyo soy, que era, la Inmaculada Concepci\u00f3n\u201d. Bernadette Soubirous, la vidente, no entiende estas palabras, nunca las hab\u00eda o\u00eddo, ni tampoco sab\u00eda nada de lo que hab\u00eda ocurrido en Roma.<\/p>\n<div id=\"attachment_243951\" style=\"width: 167px\" class=\"wp-caption alignright\"><img loading=\"lazy\" decoding=\"async\" aria-describedby=\"caption-attachment-243951\" class=\"wp-image-243951\" src=\"https:\/\/www.saxum.org\/wp-content\/uploads\/2022\/11\/concepcion_2-185x300.jpg\" alt=\"\" width=\"157\" height=\"254\" \/><p id=\"caption-attachment-243951\" class=\"wp-caption-text\">Inmaculada Concepci\u00f3n de la Virgen Mar\u00eda en Bel\u00e9n<\/p><\/div>\n<p>Es en ese momento tan sublime de su Concepci\u00f3n Inmaculada, cuando se establece una relaci\u00f3n directa entre la Mujer y el Esp\u00edritu Santo. Mar\u00eda quer\u00eda grabar en nuestros corazones esta gran noticia a trav\u00e9s del coraz\u00f3n de una joven sin letras, lo grab\u00f3 a fuego en santa Bernardita.<\/p>\n<p>Por: Domingo Aguilera Pascual Creador del blog <a href=\"http:\/\/www.amigosdelavirgen.org\" target=\"_blank\" rel=\"noopener\">www.amigosdelavirgen.org<\/a>\u00a0 y autor de los libros \u201cLas Relaciones de Mar\u00eda\u201d y \u201cLas Relaciones de Jos\u00e9\u201d<\/p>\n<p>&nbsp;<\/p>\n<p>&nbsp;<\/p>\n","protected":false},"excerpt":{"rendered":"<p>Hasta el siglo XIII muchos te\u00f3logos pensaron que Mar\u00eda fue concebida con el pecado original y que posteriormente, como Juan Bautista y otros, fue sanada en el vientre materno. Incluso as\u00ed lo expresa Tom\u00e1s de Aquino diciendo \u201csi el alma de la sant\u00edsima Virgen Mar\u00eda no hubiera estado nunca manchada con el pecado original ser\u00eda [&hellip;]<\/p>\n","protected":false},"author":7,"featured_media":243950,"comment_status":"closed","ping_status":"closed","sticky":true,"template":"","format":"standard","meta":{"_et_pb_use_builder":"on","_et_pb_old_content":"","_et_gb_content_width":"","footnotes":"","_links_to":"","_links_to_target":""},"categories":[250],"tags":[],"class_list":["post-243956","post","type-post","status-publish","format-standard","has-post-thumbnail","hentry","category-ultimas-noticias"],"_links":{"self":[{"href":"https:\/\/www.saxum.org\/es\/wp-json\/wp\/v2\/posts\/243956","targetHints":{"allow":["GET"]}}],"collection":[{"href":"https:\/\/www.saxum.org\/es\/wp-json\/wp\/v2\/posts"}],"about":[{"href":"https:\/\/www.saxum.org\/es\/wp-json\/wp\/v2\/types\/post"}],"author":[{"embeddable":true,"href":"https:\/\/www.saxum.org\/es\/wp-json\/wp\/v2\/users\/7"}],"replies":[{"embeddable":true,"href":"https:\/\/www.saxum.org\/es\/wp-json\/wp\/v2\/comments?post=243956"}],"version-history":[{"count":0,"href":"https:\/\/www.saxum.org\/es\/wp-json\/wp\/v2\/posts\/243956\/revisions"}],"wp:featuredmedia":[{"embeddable":true,"href":"https:\/\/www.saxum.org\/es\/wp-json\/wp\/v2\/media\/243950"}],"wp:attachment":[{"href":"https:\/\/www.saxum.org\/es\/wp-json\/wp\/v2\/media?parent=243956"}],"wp:term":[{"taxonomy":"category","embeddable":true,"href":"https:\/\/www.saxum.org\/es\/wp-json\/wp\/v2\/categories?post=243956"},{"taxonomy":"post_tag","embeddable":true,"href":"https:\/\/www.saxum.org\/es\/wp-json\/wp\/v2\/tags?post=243956"}],"curies":[{"name":"wp","href":"https:\/\/api.w.org\/{rel}","templated":true}]}}