{"id":239848,"date":"2018-02-20T08:35:49","date_gmt":"2018-02-20T08:35:49","guid":{"rendered":"https:\/\/www.saxum.org\/jerusalem-holiness-in-the-flesh-r-r-reno-at-hld-2018\/"},"modified":"2022-01-11T13:49:26","modified_gmt":"2022-01-11T13:49:26","slug":"jerusalem-holiness-in-the-flesh-r-r-reno-at-hld-2018","status":"publish","type":"post","link":"https:\/\/www.saxum.org\/es\/jerusalem-holiness-in-the-flesh-r-r-reno-at-hld-2018\/","title":{"rendered":"\u201cJerusal\u00e9n: la santidad encarnada\u201d \u2013 R.R. Reno at HLD 2018"},"content":{"rendered":"<p><img loading=\"lazy\" decoding=\"async\" class=\"wp-image-238698  alignleft\" src=\"https:\/\/www.saxum.org\/wp-content\/uploads\/2022\/01\/MG_9242-768x512-1.jpg\" alt=\"\" width=\"501\" height=\"334\" srcset=\"https:\/\/www.saxum.org\/wp-content\/uploads\/2022\/01\/MG_9242-768x512-1.jpg 501w, https:\/\/www.saxum.org\/wp-content\/uploads\/2022\/01\/MG_9242-768x512-1-480x320.jpg 480w\" sizes=\"(min-width: 0px) and (max-width: 480px) 480px, (min-width: 481px) 501px, 100vw\" \/>En la tarde del mi\u00e9rcoles 7 de febrero, los peregrinos de Holy Land Dialogues se reunieron en Beit Shmuel una vez m\u00e1s para escuchar a otra figura prominente hablar sobre el di\u00e1logo judeo-cristiano. Participando en HLD gracias al <a href=\"https:\/\/www.socialtrendsinstitute.org\/\" target=\"_blank\" rel=\"noopener\">Social Trends Institute<\/a>, R.R. Reno, el editor del diario estadounidense sobre religi\u00f3n, <em>First Things<\/em>, habl\u00f3 de lo que los cristianos pueden aprender de los jud\u00edos al intentar comprender la encarnaci\u00f3n de Cristo.<\/p>\n<p>El d\u00eda de la conferencia, los peregrinos hab\u00edan pasado ya tres d\u00edas enteros en la Tierra Santa (dos en Jerusal\u00e9n y uno en Galilea), y estaban m\u00e1s preparados para poder asumir una conversaci\u00f3n del verdadero significado de que Dios haya venido a la tierra hecho hombre en un tiempo y lugar espec\u00edficos.<\/p>\n<p>Al comenzar, Reno explic\u00f3 a la audiencia las similitudes entre la percepci\u00f3n jud\u00eda y cristiana de Dios que se aproxima al hombre de una forma muy concreta. Por ejemplo, para los jud\u00edos, Dios habita en el templo y para los cat\u00f3licos lo hace en la hostia consagrada. \u201cLos jud\u00edos y los cristianos est\u00e1n en desacuerdo sobre c\u00f3mo y d\u00f3nde aparece la santidad de Dios,\u201d dec\u00eda. \u201cPero coincidimos en que la gracia supernatural de Dios opera dentro de nuestro ser finito, no fuera de \u00e9l.\u201d El Se\u00f1or reina sobre todas las cosas, pero tambi\u00e9n se ajusta a unos l\u00edmites.<\/p>\n<p>Tambi\u00e9n comparti\u00f3 lo que \u00e9l, como cat\u00f3lico, ha aprendido tras a\u00f1os de matrimonio con una mujer jud\u00eda. El p\u00fablico disfrut\u00f3 de an\u00e9cdotas sobre lo que implica vivir el <em>kosher<\/em> todos los d\u00edas, como el controlar si la comida lleva carne o queso antes de poner la mesa; o c\u00f3mo \u00e9l y su mujer se han animado mutuamente a crecer en su fe, a pesar de ser distintas.<\/p>\n\n\t\t<style type=\"text\/css\">\n\t\t\t#gallery-1 {\n\t\t\t\tmargin: auto;\n\t\t\t}\n\t\t\t#gallery-1 .gallery-item {\n\t\t\t\tfloat: left;\n\t\t\t\tmargin-top: 10px;\n\t\t\t\ttext-align: center;\n\t\t\t\twidth: 50%;\n\t\t\t}\n\t\t\t#gallery-1 img {\n\t\t\t\tborder: 2px solid #cfcfcf;\n\t\t\t}\n\t\t\t#gallery-1 .gallery-caption {\n\t\t\t\tmargin-left: 0;\n\t\t\t}\n\t\t\t\/* see gallery_shortcode() in wp-includes\/media.php *\/\n\t\t<\/style>\n\t\t<div id='gallery-1' class='gallery galleryid-239848 gallery-columns-2 gallery-size-large'><dl class='gallery-item'>\n\t\t\t<dt class='gallery-icon landscape'>\n\t\t\t\t<a href=\"https:\/\/www.saxum.org\/es\/mg_9237-768x512-2\/\"><img loading=\"lazy\" decoding=\"async\" width=\"768\" height=\"512\" src=\"https:\/\/www.saxum.org\/wp-content\/uploads\/2022\/01\/MG_9237-768x512-1.jpg\" class=\"attachment-large size-large\" alt=\"MG 9237 768x512 1\" aria-describedby=\"gallery-1-238710\" srcset=\"https:\/\/www.saxum.org\/wp-content\/uploads\/2022\/01\/MG_9237-768x512-1.jpg 768w, https:\/\/www.saxum.org\/wp-content\/uploads\/2022\/01\/MG_9237-768x512-1-480x320.jpg 480w\" sizes=\"(min-width: 0px) and (max-width: 480px) 480px, (min-width: 481px) 768px, 100vw\" \/><\/a>\n\t\t\t<\/dt>\n\t\t\t\t<dd class='wp-caption-text gallery-caption' id='gallery-1-238710'>\n\t\t\t\tMG 9237 768&#215;512 1\n\t\t\t\t<\/dd><\/dl><dl class='gallery-item'>\n\t\t\t<dt class='gallery-icon landscape'>\n\t\t\t\t<a href=\"https:\/\/www.saxum.org\/es\/mg_9264-768x512-2\/\"><img loading=\"lazy\" decoding=\"async\" width=\"768\" height=\"512\" src=\"https:\/\/www.saxum.org\/wp-content\/uploads\/2022\/01\/MG_9264-768x512-1.jpg\" class=\"attachment-large size-large\" alt=\"MG 9264 768x512 1\" aria-describedby=\"gallery-1-238702\" srcset=\"https:\/\/www.saxum.org\/wp-content\/uploads\/2022\/01\/MG_9264-768x512-1.jpg 768w, https:\/\/www.saxum.org\/wp-content\/uploads\/2022\/01\/MG_9264-768x512-1-480x320.jpg 480w\" sizes=\"(min-width: 0px) and (max-width: 480px) 480px, (min-width: 481px) 768px, 100vw\" \/><\/a>\n\t\t\t<\/dt>\n\t\t\t\t<dd class='wp-caption-text gallery-caption' id='gallery-1-238702'>\n\t\t\t\tMG 9264 768&#215;512 1\n\t\t\t\t<\/dd><\/dl><br style=\"clear: both\" \/>\n\t\t<\/div>\n\n<p>Reno termin\u00f3 su charla con una reflexi\u00f3n sobre san Pablo, quien era jud\u00edo. \u201cEn el camino a Damasco, cuando san Pablo es cegado por la luz de Dios, no se pregunta \u2018\u00bfQu\u00e9 significa esto, Dios?\u2019 ni tampoco la pregunta de Pilato: \u2018\u00bfQu\u00e9 es la verdad?\u2019. En lugar de eso, es agitado por el poder del amor divino y pregunta \u2018\u00bfQu\u00e9 debo hacer, Dios?\u2026 Busca un mandamiento a obedecer por s\u00ed mismo y no como un medio para un fin mayor \u2013 que es exactamente a lo que se refiere el juda\u00edsmo con el regalo de la Torah. Aprendamos, por tanto, de un jud\u00edo orgulloso: san Pablo ap\u00f3stol.<\/p>\n","protected":false},"excerpt":{"rendered":"<p>En la tarde del mi\u00e9rcoles 7 de febrero, los peregrinos de Holy Land Dialogues se reunieron en Beit Shmuel una vez m\u00e1s para escuchar a otra figura prominente hablar sobre el di\u00e1logo judeo-cristiano: R.R. Reno, el editor del diario estadounidense sobre religi\u00f3n First Things.<\/p>\n","protected":false},"author":8,"featured_media":238790,"comment_status":"open","ping_status":"open","sticky":false,"template":"","format":"standard","meta":{"_et_pb_use_builder":"","_et_pb_old_content":"","_et_gb_content_width":"","footnotes":"","_links_to":"","_links_to_target":""},"categories":[7,250],"tags":[],"class_list":["post-239848","post","type-post","status-publish","format-standard","has-post-thumbnail","hentry","category-sin-categorizar","category-ultimas-noticias"],"_links":{"self":[{"href":"https:\/\/www.saxum.org\/es\/wp-json\/wp\/v2\/posts\/239848","targetHints":{"allow":["GET"]}}],"collection":[{"href":"https:\/\/www.saxum.org\/es\/wp-json\/wp\/v2\/posts"}],"about":[{"href":"https:\/\/www.saxum.org\/es\/wp-json\/wp\/v2\/types\/post"}],"author":[{"embeddable":true,"href":"https:\/\/www.saxum.org\/es\/wp-json\/wp\/v2\/users\/8"}],"replies":[{"embeddable":true,"href":"https:\/\/www.saxum.org\/es\/wp-json\/wp\/v2\/comments?post=239848"}],"version-history":[{"count":0,"href":"https:\/\/www.saxum.org\/es\/wp-json\/wp\/v2\/posts\/239848\/revisions"}],"wp:featuredmedia":[{"embeddable":true,"href":"https:\/\/www.saxum.org\/es\/wp-json\/wp\/v2\/media\/238790"}],"wp:attachment":[{"href":"https:\/\/www.saxum.org\/es\/wp-json\/wp\/v2\/media?parent=239848"}],"wp:term":[{"taxonomy":"category","embeddable":true,"href":"https:\/\/www.saxum.org\/es\/wp-json\/wp\/v2\/categories?post=239848"},{"taxonomy":"post_tag","embeddable":true,"href":"https:\/\/www.saxum.org\/es\/wp-json\/wp\/v2\/tags?post=239848"}],"curies":[{"name":"wp","href":"https:\/\/api.w.org\/{rel}","templated":true}]}}