{"id":239689,"date":"2021-07-15T12:16:47","date_gmt":"2021-07-15T12:16:47","guid":{"rendered":"https:\/\/www.saxum.org\/galeria-fotografica-la-iglesia-de-la-tumba-de-maria\/"},"modified":"2023-03-09T07:28:21","modified_gmt":"2023-03-09T07:28:21","slug":"galeria-fotografica-la-iglesia-de-la-tumba-de-maria","status":"publish","type":"post","link":"https:\/\/www.saxum.org\/es\/galeria-fotografica-la-iglesia-de-la-tumba-de-maria\/","title":{"rendered":"Galer\u00eda fotogr\u00e1fica: la iglesia de la Tumba de Mar\u00eda"},"content":{"rendered":"<p>[et_pb_section fb_built=&#8221;1&#8243; _builder_version=&#8221;4.16&#8243; global_colors_info=&#8221;{}&#8221;][et_pb_row _builder_version=&#8221;4.20.0&#8243; background_size=&#8221;initial&#8221; background_position=&#8221;top_left&#8221; background_repeat=&#8221;repeat&#8221; hover_enabled=&#8221;0&#8243; global_colors_info=&#8221;{}&#8221; background_color=&#8221;#FFFFFF&#8221; sticky_enabled=&#8221;0&#8243;][et_pb_column type=&#8221;4_4&#8243; _builder_version=&#8221;4.16&#8243; custom_padding=&#8221;|||&#8221; global_colors_info=&#8221;{}&#8221; custom_padding__hover=&#8221;|||&#8221;][et_pb_text _builder_version=&#8221;4.16&#8243; background_size=&#8221;initial&#8221; background_position=&#8221;top_left&#8221; background_repeat=&#8221;repeat&#8221; global_colors_info=&#8221;{}&#8221;]<span style=\"font-weight: 400;\">En el huerto de Getseman\u00ed, cerca de la iglesia de Todas las Naciones, hay otro lugar un poco escondido: la <\/span><b>iglesia de la Tumba de Mar\u00eda<\/b><span style=\"font-weight: 400;\">.\u00a0<\/span><\/p>\n<p><span style=\"font-weight: 400;\">Hay varias tradiciones cristianas que hablan sobre la muerte o dormici\u00f3n de la Virgen Mar\u00eda, pero todas coinciden en que fue llevada, en cuerpo y alma, al Cielo:<\/span><b> la Asunci\u00f3n<\/b><span style=\"font-weight: 400;\">. Esta iglesia de la Tumba de Mar\u00eda se remonta al siglo XII, la \u00e9poca de la Primera Cruzada. Est\u00e1 compartida por las Iglesias Orientales Ortodoxas y contiene el lugar en el que se dice que se puso el cuerpo de Mar\u00eda antes de ser llevado al Cielo. Como ocurre en el Santo Sepulcro, lo que se visita aqu\u00ed es una tumba vac\u00eda.<\/span><\/p>\n<p>Hay dos lugares en Jerusal\u00e9n que la tradici\u00f3n conecta con este \u00faltimo episodio de la vida en la Tierra de Mar\u00eda, del que <strong>no hay constancia en los Evangelios<\/strong>. La iglesia de la Dormici\u00f3n, cerca del Cen\u00e1culo, recuerda la dormici\u00f3n o muerte de la Virgen. La Tumba de Mar\u00eda es donde los Ap\u00f3toles depositaron su cuerpo antes de que fuera asunta al Cielo.<\/p>\n<p>\n\t\t<style type=\"text\/css\">\n\t\t\t#gallery-1 {\n\t\t\t\tmargin: auto;\n\t\t\t}\n\t\t\t#gallery-1 .gallery-item {\n\t\t\t\tfloat: left;\n\t\t\t\tmargin-top: 10px;\n\t\t\t\ttext-align: center;\n\t\t\t\twidth: 100%;\n\t\t\t}\n\t\t\t#gallery-1 img {\n\t\t\t\tborder: 2px solid #cfcfcf;\n\t\t\t}\n\t\t\t#gallery-1 .gallery-caption {\n\t\t\t\tmargin-left: 0;\n\t\t\t}\n\t\t\t\/* see gallery_shortcode() in wp-includes\/media.php *\/\n\t\t<\/style>\n\t\t<div id='gallery-1' class='gallery galleryid-239689 gallery-columns-1 gallery-size-full'><dl class='gallery-item'>\n\t\t\t<dt class='gallery-icon landscape'>\n\t\t\t\t<a href='https:\/\/www.saxum.org\/es\/galeria-fotografica-la-iglesia-de-la-tumba-de-maria\/mg_7390-2\/'><img loading=\"lazy\" decoding=\"async\" width=\"2560\" height=\"1706\" src=\"https:\/\/www.saxum.org\/wp-content\/uploads\/2021\/07\/MG_7390-scaled.jpg\" class=\"attachment-full size-full\" alt=\"MG 7390 scaled\" aria-describedby=\"gallery-1-241323\" srcset=\"https:\/\/www.saxum.org\/wp-content\/uploads\/2021\/07\/MG_7390-scaled.jpg 2560w, https:\/\/www.saxum.org\/wp-content\/uploads\/2021\/07\/MG_7390-1280x853.jpg 1280w, https:\/\/www.saxum.org\/wp-content\/uploads\/2021\/07\/MG_7390-480x320.jpg 480w\" sizes=\"(min-width: 0px) and (max-width: 480px) 480px, (min-width: 481px) and (max-width: 1280px) 1280px, (min-width: 1281px) 2560px, 100vw\" \/><\/a>\n\t\t\t<\/dt>\n\t\t\t\t<dd class='wp-caption-text gallery-caption' id='gallery-1-241323'>\n\t\t\t\tMG 7390 scaled\n\t\t\t\t<\/dd><\/dl><br style=\"clear: both\" \/><dl class='gallery-item'>\n\t\t\t<dt class='gallery-icon landscape'>\n\t\t\t\t<a href='https:\/\/www.saxum.org\/es\/galeria-fotografica-la-iglesia-de-la-tumba-de-maria\/mg_7392-2\/'><img loading=\"lazy\" decoding=\"async\" width=\"2560\" height=\"1706\" src=\"https:\/\/www.saxum.org\/wp-content\/uploads\/2021\/07\/MG_7392-scaled.jpg\" class=\"attachment-full size-full\" alt=\"MG 7392 scaled\" aria-describedby=\"gallery-1-241294\" srcset=\"https:\/\/www.saxum.org\/wp-content\/uploads\/2021\/07\/MG_7392-scaled.jpg 2560w, https:\/\/www.saxum.org\/wp-content\/uploads\/2021\/07\/MG_7392-1280x853.jpg 1280w, https:\/\/www.saxum.org\/wp-content\/uploads\/2021\/07\/MG_7392-980x653.jpg 980w, https:\/\/www.saxum.org\/wp-content\/uploads\/2021\/07\/MG_7392-480x320.jpg 480w\" sizes=\"(min-width: 0px) and (max-width: 480px) 480px, (min-width: 481px) and (max-width: 980px) 980px, (min-width: 981px) and (max-width: 1280px) 1280px, (min-width: 1281px) 2560px, 100vw\" \/><\/a>\n\t\t\t<\/dt>\n\t\t\t\t<dd class='wp-caption-text gallery-caption' id='gallery-1-241294'>\n\t\t\t\tMG 7392 scaled\n\t\t\t\t<\/dd><\/dl><br style=\"clear: both\" \/><dl class='gallery-item'>\n\t\t\t<dt class='gallery-icon landscape'>\n\t\t\t\t<a href='https:\/\/www.saxum.org\/es\/galeria-fotografica-la-iglesia-de-la-tumba-de-maria\/mg_7394-2\/'><img loading=\"lazy\" decoding=\"async\" width=\"2560\" height=\"1706\" src=\"https:\/\/www.saxum.org\/wp-content\/uploads\/2021\/07\/MG_7394-scaled.jpg\" class=\"attachment-full size-full\" alt=\"MG 7394 scaled\" aria-describedby=\"gallery-1-241319\" srcset=\"https:\/\/www.saxum.org\/wp-content\/uploads\/2021\/07\/MG_7394-scaled.jpg 2560w, https:\/\/www.saxum.org\/wp-content\/uploads\/2021\/07\/MG_7394-1280x853.jpg 1280w, https:\/\/www.saxum.org\/wp-content\/uploads\/2021\/07\/MG_7394-480x320.jpg 480w\" sizes=\"(min-width: 0px) and (max-width: 480px) 480px, (min-width: 481px) and (max-width: 1280px) 1280px, (min-width: 1281px) 2560px, 100vw\" \/><\/a>\n\t\t\t<\/dt>\n\t\t\t\t<dd class='wp-caption-text gallery-caption' id='gallery-1-241319'>\n\t\t\t\tMG 7394 scaled\n\t\t\t\t<\/dd><\/dl><br style=\"clear: both\" \/><dl class='gallery-item'>\n\t\t\t<dt class='gallery-icon landscape'>\n\t\t\t\t<a href='https:\/\/www.saxum.org\/es\/galeria-fotografica-la-iglesia-de-la-tumba-de-maria\/mg_7399-2\/'><img loading=\"lazy\" decoding=\"async\" width=\"2560\" height=\"1706\" src=\"https:\/\/www.saxum.org\/wp-content\/uploads\/2021\/07\/MG_7399-scaled.jpg\" class=\"attachment-full size-full\" alt=\"MG 7399 scaled\" aria-describedby=\"gallery-1-241311\" srcset=\"https:\/\/www.saxum.org\/wp-content\/uploads\/2021\/07\/MG_7399-scaled.jpg 2560w, https:\/\/www.saxum.org\/wp-content\/uploads\/2021\/07\/MG_7399-1280x853.jpg 1280w, https:\/\/www.saxum.org\/wp-content\/uploads\/2021\/07\/MG_7399-480x320.jpg 480w\" sizes=\"(min-width: 0px) and (max-width: 480px) 480px, (min-width: 481px) and (max-width: 1280px) 1280px, (min-width: 1281px) 2560px, 100vw\" \/><\/a>\n\t\t\t<\/dt>\n\t\t\t\t<dd class='wp-caption-text gallery-caption' id='gallery-1-241311'>\n\t\t\t\tMG 7399 scaled\n\t\t\t\t<\/dd><\/dl><br style=\"clear: both\" \/><dl class='gallery-item'>\n\t\t\t<dt class='gallery-icon landscape'>\n\t\t\t\t<a href='https:\/\/www.saxum.org\/es\/galeria-fotografica-la-iglesia-de-la-tumba-de-maria\/mg_7411-2\/'><img loading=\"lazy\" decoding=\"async\" width=\"2560\" height=\"1706\" src=\"https:\/\/www.saxum.org\/wp-content\/uploads\/2021\/07\/MG_7411-scaled.jpg\" class=\"attachment-full size-full\" alt=\"MG 7411 scaled\" aria-describedby=\"gallery-1-241298\" srcset=\"https:\/\/www.saxum.org\/wp-content\/uploads\/2021\/07\/MG_7411-scaled.jpg 2560w, https:\/\/www.saxum.org\/wp-content\/uploads\/2021\/07\/MG_7411-1280x853.jpg 1280w, https:\/\/www.saxum.org\/wp-content\/uploads\/2021\/07\/MG_7411-980x653.jpg 980w, https:\/\/www.saxum.org\/wp-content\/uploads\/2021\/07\/MG_7411-480x320.jpg 480w\" sizes=\"(min-width: 0px) and (max-width: 480px) 480px, (min-width: 481px) and (max-width: 980px) 980px, (min-width: 981px) and (max-width: 1280px) 1280px, (min-width: 1281px) 2560px, 100vw\" \/><\/a>\n\t\t\t<\/dt>\n\t\t\t\t<dd class='wp-caption-text gallery-caption' id='gallery-1-241298'>\n\t\t\t\tMG 7411 scaled\n\t\t\t\t<\/dd><\/dl><br style=\"clear: both\" \/><dl class='gallery-item'>\n\t\t\t<dt class='gallery-icon landscape'>\n\t\t\t\t<a href='https:\/\/www.saxum.org\/es\/galeria-fotografica-la-iglesia-de-la-tumba-de-maria\/mg_7403-2\/'><img loading=\"lazy\" decoding=\"async\" width=\"2560\" height=\"1706\" src=\"https:\/\/www.saxum.org\/wp-content\/uploads\/2021\/07\/MG_7403-scaled.jpg\" class=\"attachment-full size-full\" alt=\"MG 7403 scaled\" aria-describedby=\"gallery-1-241315\" srcset=\"https:\/\/www.saxum.org\/wp-content\/uploads\/2021\/07\/MG_7403-scaled.jpg 2560w, https:\/\/www.saxum.org\/wp-content\/uploads\/2021\/07\/MG_7403-1280x853.jpg 1280w, https:\/\/www.saxum.org\/wp-content\/uploads\/2021\/07\/MG_7403-480x320.jpg 480w\" sizes=\"(min-width: 0px) and (max-width: 480px) 480px, (min-width: 481px) and (max-width: 1280px) 1280px, (min-width: 1281px) 2560px, 100vw\" \/><\/a>\n\t\t\t<\/dt>\n\t\t\t\t<dd class='wp-caption-text gallery-caption' id='gallery-1-241315'>\n\t\t\t\tMG 7403 scaled\n\t\t\t\t<\/dd><\/dl><br style=\"clear: both\" \/><dl class='gallery-item'>\n\t\t\t<dt class='gallery-icon landscape'>\n\t\t\t\t<a href='https:\/\/www.saxum.org\/es\/galeria-fotografica-la-iglesia-de-la-tumba-de-maria\/mg_7407-2\/'><img loading=\"lazy\" decoding=\"async\" width=\"2560\" height=\"1706\" src=\"https:\/\/www.saxum.org\/wp-content\/uploads\/2021\/07\/MG_7407-scaled.jpg\" class=\"attachment-full size-full\" alt=\"MG 7407 scaled\" aria-describedby=\"gallery-1-241307\" srcset=\"https:\/\/www.saxum.org\/wp-content\/uploads\/2021\/07\/MG_7407-scaled.jpg 2560w, https:\/\/www.saxum.org\/wp-content\/uploads\/2021\/07\/MG_7407-1280x853.jpg 1280w, https:\/\/www.saxum.org\/wp-content\/uploads\/2021\/07\/MG_7407-980x653.jpg 980w, https:\/\/www.saxum.org\/wp-content\/uploads\/2021\/07\/MG_7407-480x320.jpg 480w\" sizes=\"(min-width: 0px) and (max-width: 480px) 480px, (min-width: 481px) and (max-width: 980px) 980px, (min-width: 981px) and (max-width: 1280px) 1280px, (min-width: 1281px) 2560px, 100vw\" \/><\/a>\n\t\t\t<\/dt>\n\t\t\t\t<dd class='wp-caption-text gallery-caption' id='gallery-1-241307'>\n\t\t\t\tMG 7407 scaled\n\t\t\t\t<\/dd><\/dl><br style=\"clear: both\" \/><dl class='gallery-item'>\n\t\t\t<dt class='gallery-icon landscape'>\n\t\t\t\t<a href='https:\/\/www.saxum.org\/es\/galeria-fotografica-la-iglesia-de-la-tumba-de-maria\/mg_7418-2\/'><img loading=\"lazy\" decoding=\"async\" width=\"2560\" height=\"1706\" src=\"https:\/\/www.saxum.org\/wp-content\/uploads\/2021\/07\/MG_7418-scaled.jpg\" class=\"attachment-full size-full\" alt=\"MG 7418 scaled\" aria-describedby=\"gallery-1-241303\" srcset=\"https:\/\/www.saxum.org\/wp-content\/uploads\/2021\/07\/MG_7418-scaled.jpg 2560w, https:\/\/www.saxum.org\/wp-content\/uploads\/2021\/07\/MG_7418-1280x853.jpg 1280w, https:\/\/www.saxum.org\/wp-content\/uploads\/2021\/07\/MG_7418-980x653.jpg 980w, https:\/\/www.saxum.org\/wp-content\/uploads\/2021\/07\/MG_7418-480x320.jpg 480w\" sizes=\"(min-width: 0px) and (max-width: 480px) 480px, (min-width: 481px) and (max-width: 980px) 980px, (min-width: 981px) and (max-width: 1280px) 1280px, (min-width: 1281px) 2560px, 100vw\" \/><\/a>\n\t\t\t<\/dt>\n\t\t\t\t<dd class='wp-caption-text gallery-caption' id='gallery-1-241303'>\n\t\t\t\tMG 7418 scaled\n\t\t\t\t<\/dd><\/dl><br style=\"clear: both\" \/>\n\t\t<\/div>\n<br \/>\n[\/et_pb_text][\/et_pb_column][\/et_pb_row][\/et_pb_section]<\/p>\n","protected":false},"excerpt":{"rendered":"<p>Esta iglesia de la Tumba de Mar\u00eda se remonta al siglo XII, la \u00e9poca de la Primera Cruzada. Est\u00e1 compartida por las Iglesias Orientales Ortodoxas y contiene el lugar en el que se dice que se puso el cuerpo de Mar\u00eda antes de ser llevado al Cielo.<\/p>\n","protected":false},"author":8,"featured_media":241315,"comment_status":"open","ping_status":"open","sticky":false,"template":"","format":"standard","meta":{"_et_pb_use_builder":"on","_et_pb_old_content":"<p><span style=\"font-weight: 400;\">En el huerto de Getseman\u00ed, cerca de la iglesia de Todas las Naciones, hay otro lugar un poco escondido: la <\/span><b>iglesia de la Tumba de Mar\u00eda<\/b><span style=\"font-weight: 400;\">.\u00a0<\/span><\/p><p><span style=\"font-weight: 400;\">Hay varias tradiciones cristianas que hablan sobre la muerte o dormici\u00f3n de la Virgen Mar\u00eda, pero todas coinciden en que fue llevada, en cuerpo y alma, al Cielo:<\/span><b> la Asunci\u00f3n<\/b><span style=\"font-weight: 400;\">. Esta iglesia de la Tumba de Mar\u00eda se remonta al siglo XII, la \u00e9poca de la Primera Cruzada. Est\u00e1 compartida por las Iglesias Orientales Ortodoxas y contiene el lugar en el que se dice que se puso el cuerpo de Mar\u00eda antes de ser llevado al Cielo. Como ocurre en el Santo Sepulcro, lo que se visita aqu\u00ed es una tumba vac\u00eda.<\/span><\/p><p>Hay dos lugares en Jerusal\u00e9n que la tradici\u00f3n conecta con este \u00faltimo episodio de la vida en la Tierra de Mar\u00eda, del que <strong>no hay constancia en los Evangelios<\/strong>. La iglesia de la Dormici\u00f3n, cerca del Cen\u00e1culo, recuerda la dormici\u00f3n o muerte de la Virgen. La Tumba de Mar\u00eda es donde los Ap\u00f3toles depositaron su cuerpo antes de que fuera asunta al Cielo.<\/p><p>[gallery columns=\"1\" size=\"full\" ids=\"241323,241294,241319,241311,241298,241315,241307,241303\"]<\/p>","_et_gb_content_width":"","footnotes":"","_links_to":"","_links_to_target":""},"categories":[250],"tags":[],"class_list":["post-239689","post","type-post","status-publish","format-standard","has-post-thumbnail","hentry","category-ultimas-noticias"],"_links":{"self":[{"href":"https:\/\/www.saxum.org\/es\/wp-json\/wp\/v2\/posts\/239689","targetHints":{"allow":["GET"]}}],"collection":[{"href":"https:\/\/www.saxum.org\/es\/wp-json\/wp\/v2\/posts"}],"about":[{"href":"https:\/\/www.saxum.org\/es\/wp-json\/wp\/v2\/types\/post"}],"author":[{"embeddable":true,"href":"https:\/\/www.saxum.org\/es\/wp-json\/wp\/v2\/users\/8"}],"replies":[{"embeddable":true,"href":"https:\/\/www.saxum.org\/es\/wp-json\/wp\/v2\/comments?post=239689"}],"version-history":[{"count":0,"href":"https:\/\/www.saxum.org\/es\/wp-json\/wp\/v2\/posts\/239689\/revisions"}],"wp:featuredmedia":[{"embeddable":true,"href":"https:\/\/www.saxum.org\/es\/wp-json\/wp\/v2\/media\/241315"}],"wp:attachment":[{"href":"https:\/\/www.saxum.org\/es\/wp-json\/wp\/v2\/media?parent=239689"}],"wp:term":[{"taxonomy":"category","embeddable":true,"href":"https:\/\/www.saxum.org\/es\/wp-json\/wp\/v2\/categories?post=239689"},{"taxonomy":"post_tag","embeddable":true,"href":"https:\/\/www.saxum.org\/es\/wp-json\/wp\/v2\/tags?post=239689"}],"curies":[{"name":"wp","href":"https:\/\/api.w.org\/{rel}","templated":true}]}}