{"id":239554,"date":"2020-04-17T09:49:47","date_gmt":"2020-04-17T09:49:47","guid":{"rendered":"https:\/\/www.saxum.org\/volver-a-galilea\/"},"modified":"2022-06-06T07:36:09","modified_gmt":"2022-06-06T07:36:09","slug":"volver-a-galilea","status":"publish","type":"post","link":"https:\/\/www.saxum.org\/es\/volver-a-galilea\/","title":{"rendered":"Volver a Galilea"},"content":{"rendered":"\r\n<p>Cuando Jes\u00fas resucitado se apareci\u00f3 a las mujeres, les dijo: \u00abId a comunicar a mis hermanos que vayan a Galilea\u00bb. Por eso encontramos a Pedro y a los dem\u00e1s pescando en el lago como hac\u00edan antes. Galilea es la regi\u00f3n en la que Jes\u00fas vivi\u00f3 casi toda su vida, primero trabajando en Nazaret, y despu\u00e9s en Cafarna\u00fam cuando empez\u00f3 su ministerio p\u00fablico. Esta aldea de pescadores a la orilla del Mar de Galilea es donde todo comenz\u00f3 para los disc\u00edpulos.<\/p>\r\n\r\n\r\n\r\n<figure class=\"wp-block-image size-large\"><\/figure>\r\n<div id=\"attachment_243064\" style=\"width: 934px\" class=\"wp-caption aligncenter\"><img loading=\"lazy\" decoding=\"async\" aria-describedby=\"caption-attachment-243064\" class=\"wp-image-243064 \" src=\"https:\/\/www.saxum.org\/wp-content\/uploads\/2020\/04\/MG_4174-1024x683.jpg\" alt=\"\" width=\"924\" height=\"616\" \/><p id=\"caption-attachment-243064\" class=\"wp-caption-text\">Mar de Galilea | Meghan Reilly<\/p><\/div>\r\n\r\n\r\n\r\n<p>El Papa Francisco, en la homil\u00eda de la Vigilia de Pascua del pasado s\u00e1bado, dedic\u00f3 unas palabras preciosas a explicar el significado que ten\u00eda Galilea para los ap\u00f3stoles:<\/p>\r\n\r\n\r\n\r\n<p>&#8220;Este es el anuncio pascual; un anuncio de esperanza que tiene una segunda parte: el env\u00edo. \u00abId a comunicar a mis hermanos que vayan a Galilea\u00bb (Mt 28,10), dice Jes\u00fas. \u00abVa por delante de vosotros a Galilea\u00bb (v. 7), dice el \u00e1ngel. El Se\u00f1or nos precede. Es hermoso saber que camina delante de nosotros, que visit\u00f3 nuestra vida y nuestra muerte para precedernos en Galilea; es decir, el lugar que para \u00c9l y para sus disc\u00edpulos evocaba la vida cotidiana, la familia, el trabajo. Jes\u00fas desea que llevemos la esperanza all\u00ed, a la vida de cada d\u00eda. Pero para los disc\u00edpulos, Galilea era tambi\u00e9n el lugar de los recuerdos, sobre todo de la primera llamada. Volver a Galilea es acordarnos de que hemos sido amados y llamados por Dios. Necesitamos retomar el camino, recordando que nacemos y renacemos de una llamada de amor gratuita. Este es el punto de partida siempre, sobre todo en las crisis y en los tiempos de prueba&#8221;.\u00a0<\/p>\r\n\r\n\r\n\r\n<blockquote class=\"wp-block-quote is-layout-flow wp-block-quote-is-layout-flow\">\r\n<p><strong>&#8220;Galilea era el lugar de la primera llamada&#8221;.<\/strong><\/p>\r\n<cite>Papa Francisco<\/cite><\/blockquote>\r\n\r\n\r\n\r\n<p>&#8220;Pero hay m\u00e1s. Galilea era la regi\u00f3n m\u00e1s alejada de Jerusal\u00e9n, el lugar donde se encontraban en ese momento. Y no s\u00f3lo geogr\u00e1ficamente: Galilea era el sitio m\u00e1s distante de la sacralidad de la Ciudad santa. Era una zona poblada por gentes distintas que practicaban varios cultos, era la \u00abGalilea de los gentiles\u00bb (Mt 4,15). Jes\u00fas los envi\u00f3 all\u00ed, les pidi\u00f3 que comenzaran de nuevo desde all\u00ed. \u00bfQu\u00e9 nos dice esto? Que el anuncio de la esperanza no se tiene que confinar en nuestros recintos sagrados, sino que hay que llevarlo a todos. Porque todos necesitan ser reconfortados y, si no lo hacemos nosotros, que hemos palpado con nuestras manos \u00abel Verbo de la vida\u00bb (1 Jn 1,1), \u00bfqui\u00e9n lo har\u00e1? Qu\u00e9 hermoso es ser cristianos que consuelan, que llevan las cargas de los dem\u00e1s, que animan, que son mensajeros de vida en tiempos de muerte. Llevemos el canto de la vida a cada Galilea, a cada regi\u00f3n de esa humanidad a la que pertenecemos y que nos pertenece, porque todos somos hermanos y hermanas. Acallemos los gritos de muerte, que terminen las guerras. Que se acabe la producci\u00f3n y el comercio de armas, porque necesitamos pan y no fusiles. Que cesen los abortos, que matan la vida inocente. Que se abra el coraz\u00f3n del que tiene, para llenar las manos vac\u00edas del que carece de lo necesario&#8221;.\u00a0<\/p>\r\n\r\n\r\n\r\n<p>Puedes leer la homil\u00eda completa <a href=\"https:\/\/www.romereports.com\/2020\/04\/11\/homilia-del-papa-en-la-vigilia-pascual-2020\/\" target=\"_blank\" rel=\"noopener\">aqu\u00ed<\/a>.<\/p>\r\n","protected":false},"excerpt":{"rendered":"<p>Cuando Jes\u00fas resucitado se apareci\u00f3 a las mujeres, les dijo: \u00abId a comunicar a mis hermanos que vayan a Galilea\u00bb. Por eso encontramos a Pedro y a los dem\u00e1s pescando en el lago como hac\u00edan antes.<\/p>\n","protected":false},"author":8,"featured_media":240882,"comment_status":"open","ping_status":"open","sticky":false,"template":"","format":"standard","meta":{"_et_pb_use_builder":"","_et_pb_old_content":"","_et_gb_content_width":"","footnotes":"","_links_to":"","_links_to_target":""},"categories":[250],"tags":[],"class_list":["post-239554","post","type-post","status-publish","format-standard","has-post-thumbnail","hentry","category-ultimas-noticias"],"_links":{"self":[{"href":"https:\/\/www.saxum.org\/es\/wp-json\/wp\/v2\/posts\/239554","targetHints":{"allow":["GET"]}}],"collection":[{"href":"https:\/\/www.saxum.org\/es\/wp-json\/wp\/v2\/posts"}],"about":[{"href":"https:\/\/www.saxum.org\/es\/wp-json\/wp\/v2\/types\/post"}],"author":[{"embeddable":true,"href":"https:\/\/www.saxum.org\/es\/wp-json\/wp\/v2\/users\/8"}],"replies":[{"embeddable":true,"href":"https:\/\/www.saxum.org\/es\/wp-json\/wp\/v2\/comments?post=239554"}],"version-history":[{"count":0,"href":"https:\/\/www.saxum.org\/es\/wp-json\/wp\/v2\/posts\/239554\/revisions"}],"wp:featuredmedia":[{"embeddable":true,"href":"https:\/\/www.saxum.org\/es\/wp-json\/wp\/v2\/media\/240882"}],"wp:attachment":[{"href":"https:\/\/www.saxum.org\/es\/wp-json\/wp\/v2\/media?parent=239554"}],"wp:term":[{"taxonomy":"category","embeddable":true,"href":"https:\/\/www.saxum.org\/es\/wp-json\/wp\/v2\/categories?post=239554"},{"taxonomy":"post_tag","embeddable":true,"href":"https:\/\/www.saxum.org\/es\/wp-json\/wp\/v2\/tags?post=239554"}],"curies":[{"name":"wp","href":"https:\/\/api.w.org\/{rel}","templated":true}]}}